{"id":82893,"date":"2019-02-01T12:52:07","date_gmt":"2019-02-01T15:52:07","guid":{"rendered":"http:\/\/www.caririemacao.com\/1\/?p=82893"},"modified":"2019-02-01T12:52:11","modified_gmt":"2019-02-01T15:52:11","slug":"empreender-pb-abre-inscricoes-para-concessao-de-credito-em-20-municipios","status":"publish","type":"post","link":"https:\/\/www.caririemacao.com\/1\/2019\/02\/01\/empreender-pb-abre-inscricoes-para-concessao-de-credito-em-20-municipios\/","title":{"rendered":"Empreender PB abre inscri\u00e7\u00f5es para concess\u00e3o de cr\u00e9dito em 20 munic\u00edpios"},"content":{"rendered":"\n<p>O programa Empreender Para\u00edba abre, no pr\u00f3ximo dia 7 at\u00e9 o dia 22, as inscri\u00e7\u00f5es para concess\u00e3o de cr\u00e9dito para empreendedores da 3\u00aa, 9\u00aa e 12\u00aa regi\u00f5es do Estado que desejam iniciar o pr\u00f3prio neg\u00f3cio ou a ampliar um j\u00e1 existente.<\/p>\n\n\n\n<p>As inscri\u00e7\u00f5es poder\u00e3o ser realizadas por pessoas maiores de 18 anos e legalmente emancipadas que residam na Para\u00edba h\u00e1 mais de seis meses. A partir do dia 7, os interessados poder\u00e3o acessar o endere\u00e7o eletr\u00f4nico\u00a0<a rel=\"noreferrer noopener\" href=\"http:\/\/www.empreender.pb.gov.br\/\" target=\"_blank\">www.empreender.pb.gov.br<\/a>\u00a0e realizar o cadastramento.<\/p>\n\n\n\n<p>Os munic\u00edpios que abrir\u00e3o inscri\u00e7\u00e3o e fazem parte da 3\u00aa regional do Estado, s\u00e3o: Boa Vista, Gado Bravo, Livramento, S\u00e3o Domingos do Cariri, Ten\u00f3rio, Puxinan\u00e3 e Matinhas.<\/p>\n\n\n\n<p>&nbsp;J\u00e1 na 9\u00aa regi\u00e3o, onde as inscri\u00e7\u00f5es tamb\u00e9m iniciam no mesmo dia, as cidades atendidas ser\u00e3o Bom Jesus, Carrapateira, Joca Claudino, Po\u00e7o Dantas, Bernardino Batista, Cachoeira dos \u00cdndios, Santa Helena e S\u00e3o Jos\u00e9 de Piranhas.<\/p>\n\n\n\n<p>&nbsp;Na 12\u00aa regi\u00e3o, os munic\u00edpios que poder\u00e3o realizar as inscri\u00e7\u00f5es ser\u00e3o Riach\u00e3o do Bacamarte, Mogeiro, Itatuba, Gurinh\u00e9m e Juarez T\u00e1vora.<\/p>\n\n\n\n<p><\/p>\n","protected":false},"excerpt":{"rendered":"<p>O programa Empreender Para\u00edba abre, no pr\u00f3ximo dia 7 at\u00e9 o dia 22, as inscri\u00e7\u00f5es para concess\u00e3o de cr\u00e9dito para empreendedores da 3\u00aa, 9\u00aa e&hellip; <\/p>\n","protected":false},"author":1,"featured_media":36220,"comment_status":"closed","ping_status":"closed","sticky":false,"template":"","format":"standard","meta":{"sfsi_plus_gutenberg_text_before_share":"","sfsi_plus_gutenberg_show_text_before_share":"","sfsi_plus_gutenberg_icon_type":"","sfsi_plus_gutenberg_icon_alignemt":"","sfsi_plus_gutenburg_max_per_row":"","footnotes":""},"categories":[6],"tags":[],"class_list":["post-82893","post","type-post","status-publish","format-standard","has-post-thumbnail","hentry","category-cidades"],"_links":{"self":[{"href":"https:\/\/www.caririemacao.com\/1\/wp-json\/wp\/v2\/posts\/82893","targetHints":{"allow":["GET"]}}],"collection":[{"href":"https:\/\/www.caririemacao.com\/1\/wp-json\/wp\/v2\/posts"}],"about":[{"href":"https:\/\/www.caririemacao.com\/1\/wp-json\/wp\/v2\/types\/post"}],"author":[{"embeddable":true,"href":"https:\/\/www.caririemacao.com\/1\/wp-json\/wp\/v2\/users\/1"}],"replies":[{"embeddable":true,"href":"https:\/\/www.caririemacao.com\/1\/wp-json\/wp\/v2\/comments?post=82893"}],"version-history":[{"count":1,"href":"https:\/\/www.caririemacao.com\/1\/wp-json\/wp\/v2\/posts\/82893\/revisions"}],"predecessor-version":[{"id":82894,"href":"https:\/\/www.caririemacao.com\/1\/wp-json\/wp\/v2\/posts\/82893\/revisions\/82894"}],"wp:featuredmedia":[{"embeddable":true,"href":"https:\/\/www.caririemacao.com\/1\/wp-json\/wp\/v2\/media\/36220"}],"wp:attachment":[{"href":"https:\/\/www.caririemacao.com\/1\/wp-json\/wp\/v2\/media?parent=82893"}],"wp:term":[{"taxonomy":"category","embeddable":true,"href":"https:\/\/www.caririemacao.com\/1\/wp-json\/wp\/v2\/categories?post=82893"},{"taxonomy":"post_tag","embeddable":true,"href":"https:\/\/www.caririemacao.com\/1\/wp-json\/wp\/v2\/tags?post=82893"}],"curies":[{"name":"wp","href":"https:\/\/api.w.org\/{rel}","templated":true}]}}