{"id":82916,"date":"2019-02-01T15:37:18","date_gmt":"2019-02-01T18:37:18","guid":{"rendered":"http:\/\/www.caririemacao.com\/1\/?p=82916"},"modified":"2019-02-01T15:37:26","modified_gmt":"2019-02-01T18:37:26","slug":"prouni-2019-ja-recebeu-mais-de-420-mil-candidatos-para-bolsas","status":"publish","type":"post","link":"https:\/\/www.caririemacao.com\/1\/2019\/02\/01\/prouni-2019-ja-recebeu-mais-de-420-mil-candidatos-para-bolsas\/","title":{"rendered":"Prouni 2019 j\u00e1 recebeu mais de 420 mil candidatos para bolsas"},"content":{"rendered":"\n<p>A edi\u00e7\u00e3o do primeiro semestre de 2019 do Programa Universidade para Todos (Prouni) registrou mais de 421 mil candidatos entre o in\u00edcio das inscri\u00e7\u00f5es, na madrugada de quinta-feira (31), e as 19h da quinta, segundo balan\u00e7o parcial divulgado pelo Minist\u00e9rio da Educa\u00e7\u00e3o (MEC) na manh\u00e3 desta sexta-feira (1\u00ba). Ao todo, os candidatos j\u00e1 haviam realizado 800.362 inscri\u00e7\u00f5es at\u00e9 as 19h de quinta, j\u00e1 que cada candidato pode se inscrever em at\u00e9 duas op\u00e7\u00f5es de curso.<br><\/p>\n\n\n\n<p>Veja como funciona o Prouni<br>Para acessar o sistema \u00e9 preciso entrar na p\u00e1gina do programa. No site, \u00e9 poss\u00edvel fazer consultas das bolsas dispon\u00edveis pelo nome do curso, da institui\u00e7\u00e3o ou pelo munic\u00edpio. As inscri\u00e7\u00f5es terminam \u00e0s 23h59 deste domingo (3).<\/p>\n\n\n\n<p>Neste semestre, ser\u00e3o ofertadas 243.888 bolsas, um recorde hist\u00f3rico desde o in\u00edcio do programa, em 2005, segundo o MEC. Desse total, 116.813 s\u00e3o bolsas integrais e 127.075 parciais, distribu\u00eddas em 1.239 institui\u00e7\u00f5es de educa\u00e7\u00e3o superior de todo o pa\u00eds.<\/p>\n\n\n\n<p>Calend\u00e1rio do 1\u00ba semestre<br>In\u00edcio das inscri\u00e7\u00f5es: 31 de janeiro<br>Fim das inscri\u00e7\u00f5es: 3 de fevereiro (\u00e0s 23h59)<br>Primeira chamada: 6 de fevereiro<br>Entrega dos documentos para garantir a matr\u00edcula: 6 a 14 de fevereiro<br>Segunda chamada: 20 de fevereiro<br>Entrega dos documentos para garantir a matr\u00edcula: 20 a 27 de fevereiro<br>Ades\u00e3o \u00e0 lista de espera: 7 e 8 de mar\u00e7o<br>Resultado da lista de espera: 11 de mar\u00e7o<\/p>\n","protected":false},"excerpt":{"rendered":"<p>A edi\u00e7\u00e3o do primeiro semestre de 2019 do Programa Universidade para Todos (Prouni) registrou mais de 421 mil candidatos entre o in\u00edcio das inscri\u00e7\u00f5es, na&hellip; <\/p>\n","protected":false},"author":1,"featured_media":59541,"comment_status":"closed","ping_status":"closed","sticky":false,"template":"","format":"standard","meta":{"sfsi_plus_gutenberg_text_before_share":"","sfsi_plus_gutenberg_show_text_before_share":"","sfsi_plus_gutenberg_icon_type":"","sfsi_plus_gutenberg_icon_alignemt":"","sfsi_plus_gutenburg_max_per_row":"","footnotes":""},"categories":[2],"tags":[],"class_list":["post-82916","post","type-post","status-publish","format-standard","has-post-thumbnail","hentry","category-geral"],"_links":{"self":[{"href":"https:\/\/www.caririemacao.com\/1\/wp-json\/wp\/v2\/posts\/82916","targetHints":{"allow":["GET"]}}],"collection":[{"href":"https:\/\/www.caririemacao.com\/1\/wp-json\/wp\/v2\/posts"}],"about":[{"href":"https:\/\/www.caririemacao.com\/1\/wp-json\/wp\/v2\/types\/post"}],"author":[{"embeddable":true,"href":"https:\/\/www.caririemacao.com\/1\/wp-json\/wp\/v2\/users\/1"}],"replies":[{"embeddable":true,"href":"https:\/\/www.caririemacao.com\/1\/wp-json\/wp\/v2\/comments?post=82916"}],"version-history":[{"count":1,"href":"https:\/\/www.caririemacao.com\/1\/wp-json\/wp\/v2\/posts\/82916\/revisions"}],"predecessor-version":[{"id":82917,"href":"https:\/\/www.caririemacao.com\/1\/wp-json\/wp\/v2\/posts\/82916\/revisions\/82917"}],"wp:featuredmedia":[{"embeddable":true,"href":"https:\/\/www.caririemacao.com\/1\/wp-json\/wp\/v2\/media\/59541"}],"wp:attachment":[{"href":"https:\/\/www.caririemacao.com\/1\/wp-json\/wp\/v2\/media?parent=82916"}],"wp:term":[{"taxonomy":"category","embeddable":true,"href":"https:\/\/www.caririemacao.com\/1\/wp-json\/wp\/v2\/categories?post=82916"},{"taxonomy":"post_tag","embeddable":true,"href":"https:\/\/www.caririemacao.com\/1\/wp-json\/wp\/v2\/tags?post=82916"}],"curies":[{"name":"wp","href":"https:\/\/api.w.org\/{rel}","templated":true}]}}