{"id":82919,"date":"2019-02-01T15:44:58","date_gmt":"2019-02-01T18:44:58","guid":{"rendered":"http:\/\/www.caririemacao.com\/1\/?p=82919"},"modified":"2019-02-01T15:45:04","modified_gmt":"2019-02-01T18:45:04","slug":"raposa-tera-periodo-de-dez-dias-de-preparacao-para-classico","status":"publish","type":"post","link":"https:\/\/www.caririemacao.com\/1\/2019\/02\/01\/raposa-tera-periodo-de-dez-dias-de-preparacao-para-classico\/","title":{"rendered":"Raposa ter\u00e1 per\u00edodo de dez dias de prepara\u00e7\u00e3o para cl\u00e1ssico"},"content":{"rendered":"\n<p><br>O Campinense ter\u00e1 um per\u00edodo de dez dias antes de enfrentar o Treze, no domingo (3), no Amig\u00e3o, em Campina Grande-PB. Ap\u00f3s a derrota para o Botafogo-PB, na \u00faltima quarta-feira, o elenco voltou aos treinamentos nesta quinta-feira.<\/p>\n\n\n\n<p>Na atividade realizada no campo do Marista, em Lagoa Seca, comandada pelo auxiliar t\u00e9cnico Romildo Freire, os atletas que n\u00e3o atuaram realizaram um treino t\u00e9cnico. Os demais atletas fizeram apenas um trabalho regenerativo.<\/p>\n\n\n\n<p>Em entrevista ao PB Esportes, o lateral direito, Gustavo e o atacante Warlei comentaram esse per\u00edodo de prepara\u00e7\u00e3o do rubro negro at\u00e9 o Cl\u00e1ssico de Maiorais.<\/p>\n","protected":false},"excerpt":{"rendered":"<p>O Campinense ter\u00e1 um per\u00edodo de dez dias antes de enfrentar o Treze, no domingo (3), no Amig\u00e3o, em Campina Grande-PB. Ap\u00f3s a derrota para&hellip; <\/p>\n","protected":false},"author":1,"featured_media":82920,"comment_status":"closed","ping_status":"closed","sticky":false,"template":"","format":"standard","meta":{"sfsi_plus_gutenberg_text_before_share":"","sfsi_plus_gutenberg_show_text_before_share":"","sfsi_plus_gutenberg_icon_type":"","sfsi_plus_gutenberg_icon_alignemt":"","sfsi_plus_gutenburg_max_per_row":"","footnotes":""},"categories":[13],"tags":[],"class_list":["post-82919","post","type-post","status-publish","format-standard","has-post-thumbnail","hentry","category-esportes"],"_links":{"self":[{"href":"https:\/\/www.caririemacao.com\/1\/wp-json\/wp\/v2\/posts\/82919","targetHints":{"allow":["GET"]}}],"collection":[{"href":"https:\/\/www.caririemacao.com\/1\/wp-json\/wp\/v2\/posts"}],"about":[{"href":"https:\/\/www.caririemacao.com\/1\/wp-json\/wp\/v2\/types\/post"}],"author":[{"embeddable":true,"href":"https:\/\/www.caririemacao.com\/1\/wp-json\/wp\/v2\/users\/1"}],"replies":[{"embeddable":true,"href":"https:\/\/www.caririemacao.com\/1\/wp-json\/wp\/v2\/comments?post=82919"}],"version-history":[{"count":1,"href":"https:\/\/www.caririemacao.com\/1\/wp-json\/wp\/v2\/posts\/82919\/revisions"}],"predecessor-version":[{"id":82921,"href":"https:\/\/www.caririemacao.com\/1\/wp-json\/wp\/v2\/posts\/82919\/revisions\/82921"}],"wp:featuredmedia":[{"embeddable":true,"href":"https:\/\/www.caririemacao.com\/1\/wp-json\/wp\/v2\/media\/82920"}],"wp:attachment":[{"href":"https:\/\/www.caririemacao.com\/1\/wp-json\/wp\/v2\/media?parent=82919"}],"wp:term":[{"taxonomy":"category","embeddable":true,"href":"https:\/\/www.caririemacao.com\/1\/wp-json\/wp\/v2\/categories?post=82919"},{"taxonomy":"post_tag","embeddable":true,"href":"https:\/\/www.caririemacao.com\/1\/wp-json\/wp\/v2\/tags?post=82919"}],"curies":[{"name":"wp","href":"https:\/\/api.w.org\/{rel}","templated":true}]}}