{"id":82922,"date":"2019-02-01T16:40:55","date_gmt":"2019-02-01T19:40:55","guid":{"rendered":"http:\/\/www.caririemacao.com\/1\/?p=82922"},"modified":"2019-02-01T16:40:58","modified_gmt":"2019-02-01T19:40:58","slug":"adriano-galdino-e-reeleito-presidente-da-alpb-para-o-segundo-bienio","status":"publish","type":"post","link":"https:\/\/www.caririemacao.com\/1\/2019\/02\/01\/adriano-galdino-e-reeleito-presidente-da-alpb-para-o-segundo-bienio\/","title":{"rendered":"Adriano Galdino \u00e9 reeleito presidente da ALPB para o segundo bi\u00eanio"},"content":{"rendered":"\n<p>O deputado estadual Adriano Galdino foi reeleito para o segundo bi\u00eanio na Assembleia Legislativa da Para\u00edba (ALPB). A vota\u00e7\u00e3o aconteceu nesta sexta-feira (1\u00ba), no primeiro dia da nova legislatura, logo ap\u00f3s a posse e elei\u00e7\u00e3o da Mesa Diretora do primeiro bi\u00eanio.<\/p>\n\n\n\n<p>Adriano recebeu 23 votos e Herv\u00e1zio Bezerra foi votado por 13 parlamentares.<\/p>\n\n\n\n<p><strong>Mais cedo<\/strong><\/p>\n\n\n\n<p>O presidente Adriano Galdino ordenou que os parlamentares fossem at\u00e9 a cabine de vota\u00e7\u00e3o sem o celular. Galdino disse que recebeu informa\u00e7\u00e3o de que os deputados haviam combinado de gravar imagens dos votos.<\/p>\n\n\n\n<p><strong>Saiba mais<\/strong><\/p>\n\n\n\n<p><a href=\"https:\/\/www.clickpb.com.br\/politica\/adriano-galdino-e-eleito-por-unanimidade-como-presidente-da-assembleia-legislativa-254206.html\">Adriano Galdino \u00e9 eleito por unanimidade como presidente da Assembleia Legislativa<\/a><\/p>\n\n\n\n<p>O deputado Ricardo Barbosa fez um apelo para que os deputados que participaram da reuni\u00e3o de ontem (31) com Jo\u00e3o Azevedo mantivessem o voto na chapa de Herv\u00e1zio.<\/p>\n\n\n\n<p>Adriano aceitou o desafio de Ti\u00e3o Gomes de concorrer \u00e0s elei\u00e7\u00f5es do segundo bi\u00eanio e provocou a oposi\u00e7\u00e3o: &#8220;Eu sou PSB, sou governo e vou continuar governo&#8221;, disse Galdino.<\/p>\n\n\n\n<figure><iframe width=\"500\" height=\"281\" data-src=\"https:\/\/www.youtube.com\/embed\/7GWfjO-1HPE\" allowfullscreen=\"\" src=\"data:image\/svg+xml;base64,PHN2ZyB3aWR0aD0iMSIgaGVpZ2h0PSIxIiB4bWxucz0iaHR0cDovL3d3dy53My5vcmcvMjAwMC9zdmciPjwvc3ZnPg==\" class=\"lazyload\" data-load-mode=\"1\"><\/iframe><\/figure>\n\n\n\n<p>A chapa vencedora, de Adriano Galdino, foi a seguinte:<\/p>\n\n\n\n<p>Chapa de Adriano Galdino<\/p>\n\n\n\n<p>Presidente \u2013 Adriano Galdino<\/p>\n\n\n\n<p>1\u00ba vice-presidente \u2013 Ti\u00e3o Gomes<\/p>\n\n\n\n<p>2\u00ba vice-presidente \u2013 Jo\u00e3o Henrique<\/p>\n\n\n\n<p>3\u00ba vice-presidente &#8211; Felipe Leit\u00e3o<\/p>\n\n\n\n<p>4\u00aa vice-presidente &#8211; Galego de Sousa<\/p>\n\n\n\n<p>1\u00ba secret\u00e1rio \u2013 Nabor Wanderley<\/p>\n\n\n\n<p>2\u00ba secret\u00e1rio \u2013 Bosco Carneiro<\/p>\n\n\n\n<p>3\u00ba secret\u00e1rio \u2013 Dr\u00aa Paula<\/p>\n\n\n\n<p>4\u00ba secret\u00e1rio &#8211; Anderson Monteiro<\/p>\n\n\n\n<p>1\u00ba suplente \u2013 Camila Toscano<\/p>\n\n\n\n<p>2\u00ba suplente \u2013 Moacir Rodrigues<\/p>\n\n\n\n<p>3\u00ba suplente \u2013 Caio Roberto<\/p>\n\n\n\n<p>4\u00ba suplente \u2013 Wallber Virgolino<\/p>\n\n\n\n<p>A chapa de Herv\u00e1zio Bezerra que concorreu, mas n\u00e3o venceu, foi a seguinte:<br><\/p>\n\n\n\n<p>Presidente &#8211; Herv\u00e1zio Bezerra<\/p>\n\n\n\n<p>1\u00aa vice-presidente &#8211; Estela Bezerra<\/p>\n\n\n\n<p>2\u00ba vice-presidente \u2013 Branco Mendes<\/p>\n\n\n\n<p>3\u00ba vice-presidente \u2013 Doda de Ti\u00e3o<\/p>\n\n\n\n<p>4\u00ba vice-presidente \u2013 Dr. \u00c9rico<\/p>\n\n\n\n<p>1\u00ba secret\u00e1rio &#8211; Jeov\u00e1 Campos<\/p>\n\n\n\n<p>2\u00ba secret\u00e1rio &#8211; Jo\u00e3o Gon\u00e7alves<\/p>\n\n\n\n<p>3\u00ba secret\u00e1rio &#8211; Eduardo Carneiro<\/p>\n\n\n\n<p>4\u00ba secret\u00e1rio &#8211; Taciano Diniz<\/p>\n\n\n\n<p>1\u00aa suplente \u2013 Polyanna Dutra<\/p>\n\n\n\n<p>2\u00ba suplente &#8211; Chi\u00f3<\/p>\n\n\n\n<p>3\u00ba suplente &#8211; J\u00fanior Ara\u00fajo<\/p>\n\n\n\n<p>4\u00ba suplente &#8211; Manoel Ludg\u00e9rio<\/p>\n","protected":false},"excerpt":{"rendered":"<p>O deputado estadual Adriano Galdino foi reeleito para o segundo bi\u00eanio na Assembleia Legislativa da Para\u00edba (ALPB). A vota\u00e7\u00e3o aconteceu nesta sexta-feira (1\u00ba), no primeiro&hellip; <\/p>\n","protected":false},"author":1,"featured_media":82923,"comment_status":"closed","ping_status":"closed","sticky":false,"template":"","format":"standard","meta":{"sfsi_plus_gutenberg_text_before_share":"","sfsi_plus_gutenberg_show_text_before_share":"","sfsi_plus_gutenberg_icon_type":"","sfsi_plus_gutenberg_icon_alignemt":"","sfsi_plus_gutenburg_max_per_row":"","footnotes":""},"categories":[11],"tags":[],"class_list":["post-82922","post","type-post","status-publish","format-standard","has-post-thumbnail","hentry","category-politica"],"_links":{"self":[{"href":"https:\/\/www.caririemacao.com\/1\/wp-json\/wp\/v2\/posts\/82922","targetHints":{"allow":["GET"]}}],"collection":[{"href":"https:\/\/www.caririemacao.com\/1\/wp-json\/wp\/v2\/posts"}],"about":[{"href":"https:\/\/www.caririemacao.com\/1\/wp-json\/wp\/v2\/types\/post"}],"author":[{"embeddable":true,"href":"https:\/\/www.caririemacao.com\/1\/wp-json\/wp\/v2\/users\/1"}],"replies":[{"embeddable":true,"href":"https:\/\/www.caririemacao.com\/1\/wp-json\/wp\/v2\/comments?post=82922"}],"version-history":[{"count":1,"href":"https:\/\/www.caririemacao.com\/1\/wp-json\/wp\/v2\/posts\/82922\/revisions"}],"predecessor-version":[{"id":82924,"href":"https:\/\/www.caririemacao.com\/1\/wp-json\/wp\/v2\/posts\/82922\/revisions\/82924"}],"wp:featuredmedia":[{"embeddable":true,"href":"https:\/\/www.caririemacao.com\/1\/wp-json\/wp\/v2\/media\/82923"}],"wp:attachment":[{"href":"https:\/\/www.caririemacao.com\/1\/wp-json\/wp\/v2\/media?parent=82922"}],"wp:term":[{"taxonomy":"category","embeddable":true,"href":"https:\/\/www.caririemacao.com\/1\/wp-json\/wp\/v2\/categories?post=82922"},{"taxonomy":"post_tag","embeddable":true,"href":"https:\/\/www.caririemacao.com\/1\/wp-json\/wp\/v2\/tags?post=82922"}],"curies":[{"name":"wp","href":"https:\/\/api.w.org\/{rel}","templated":true}]}}