{"id":82925,"date":"2019-02-01T17:31:19","date_gmt":"2019-02-01T20:31:19","guid":{"rendered":"http:\/\/www.caririemacao.com\/1\/?p=82925"},"modified":"2019-02-01T17:31:23","modified_gmt":"2019-02-01T20:31:23","slug":"maia-fecha-blocao-para-tentar-reeleicao-na-presidencia-da-camara","status":"publish","type":"post","link":"https:\/\/www.caririemacao.com\/1\/2019\/02\/01\/maia-fecha-blocao-para-tentar-reeleicao-na-presidencia-da-camara\/","title":{"rendered":"Maia fecha bloc\u00e3o para tentar reelei\u00e7\u00e3o na presid\u00eancia da C\u00e2mara"},"content":{"rendered":"\n<p>Aliados do presidente da C\u00e2mara, Rodrigo Maia (DEM-RJ), registraram na tarde desta sexta-feira (1\u00ba) bloco com 11 partidos.<\/p>\n\n\n\n<p>Uniram-se oficialmente ao candidato \u00e0 reelei\u00e7\u00e3o partidos do centr\u00e3o como PP, PR, PRB, PSD, MDB, PSC, PTB e PMN, al\u00e9m do pr\u00f3prio DEM, do PSDB e do PSL de Jair Bolsonaro.<\/p>\n\n\n\n<p>No total, a forma\u00e7\u00e3o tem 301 deputados e conseguir\u00e1 6 dos 10 espa\u00e7os da Mesa Diretora da C\u00e2mara.<\/p>\n\n\n\n<p>Maia deve ser apoiado tamb\u00e9m por parlamentares de partidos que n\u00e3o fazem parte de seu bloco, como PDT e PC do B.<\/p>\n\n\n\n<p><\/p>\n\n\n\n<p>FolhaPress <\/p>\n","protected":false},"excerpt":{"rendered":"<p>Aliados do presidente da C\u00e2mara, Rodrigo Maia (DEM-RJ), registraram na tarde desta sexta-feira (1\u00ba) bloco com 11 partidos. Uniram-se oficialmente ao candidato \u00e0 reelei\u00e7\u00e3o partidos&hellip; <\/p>\n","protected":false},"author":1,"featured_media":82926,"comment_status":"closed","ping_status":"closed","sticky":false,"template":"","format":"standard","meta":{"sfsi_plus_gutenberg_text_before_share":"","sfsi_plus_gutenberg_show_text_before_share":"","sfsi_plus_gutenberg_icon_type":"","sfsi_plus_gutenberg_icon_alignemt":"","sfsi_plus_gutenburg_max_per_row":"","footnotes":""},"categories":[11],"tags":[],"class_list":["post-82925","post","type-post","status-publish","format-standard","has-post-thumbnail","hentry","category-politica"],"_links":{"self":[{"href":"https:\/\/www.caririemacao.com\/1\/wp-json\/wp\/v2\/posts\/82925","targetHints":{"allow":["GET"]}}],"collection":[{"href":"https:\/\/www.caririemacao.com\/1\/wp-json\/wp\/v2\/posts"}],"about":[{"href":"https:\/\/www.caririemacao.com\/1\/wp-json\/wp\/v2\/types\/post"}],"author":[{"embeddable":true,"href":"https:\/\/www.caririemacao.com\/1\/wp-json\/wp\/v2\/users\/1"}],"replies":[{"embeddable":true,"href":"https:\/\/www.caririemacao.com\/1\/wp-json\/wp\/v2\/comments?post=82925"}],"version-history":[{"count":1,"href":"https:\/\/www.caririemacao.com\/1\/wp-json\/wp\/v2\/posts\/82925\/revisions"}],"predecessor-version":[{"id":82927,"href":"https:\/\/www.caririemacao.com\/1\/wp-json\/wp\/v2\/posts\/82925\/revisions\/82927"}],"wp:featuredmedia":[{"embeddable":true,"href":"https:\/\/www.caririemacao.com\/1\/wp-json\/wp\/v2\/media\/82926"}],"wp:attachment":[{"href":"https:\/\/www.caririemacao.com\/1\/wp-json\/wp\/v2\/media?parent=82925"}],"wp:term":[{"taxonomy":"category","embeddable":true,"href":"https:\/\/www.caririemacao.com\/1\/wp-json\/wp\/v2\/categories?post=82925"},{"taxonomy":"post_tag","embeddable":true,"href":"https:\/\/www.caririemacao.com\/1\/wp-json\/wp\/v2\/tags?post=82925"}],"curies":[{"name":"wp","href":"https:\/\/api.w.org\/{rel}","templated":true}]}}