{"id":82929,"date":"2019-02-01T17:33:34","date_gmt":"2019-02-01T20:33:34","guid":{"rendered":"http:\/\/www.caririemacao.com\/1\/?p=82929"},"modified":"2019-02-01T17:33:39","modified_gmt":"2019-02-01T20:33:39","slug":"ligia-representa-governo-da-pb-em-posse-dos-deputados-federais","status":"publish","type":"post","link":"https:\/\/www.caririemacao.com\/1\/2019\/02\/01\/ligia-representa-governo-da-pb-em-posse-dos-deputados-federais\/","title":{"rendered":"L\u00edgia representa Governo da PB em posse dos deputados federais"},"content":{"rendered":"\n<p>A vice-governadora da Para\u00edba, L\u00edgia Feliciano, participou nesta sexta-feira (1) da sess\u00e3o de posse dos deputados federais, no plen\u00e1rio Ulysses Guimar\u00e3es, em Bras\u00edlia. Ela representou o governador Jo\u00e3o Azev\u00eado.<\/p>\n\n\n\n<p>Ao lado do deputado empossado Dami\u00e3o Feliciano (PDT), L\u00edgia ressaltou a import\u00e2ncia da parceria e o trabalho conjunto entre o governo do Estado e a bancada no Congresso Nacional em prol de projetos e a\u00e7\u00f5es para o desenvolvimento da Para\u00edba nos pr\u00f3ximos quatros anos.<\/p>\n\n\n\n<p>\u201cQuero manifestar minha alegria em participar desta sess\u00e3o e parabenizar toda a bancada que hoje tomou posse na C\u00e2mara Federal e tamb\u00e9m os novos senadores que juntos com o governo do Estado v\u00e3o trabalhar por recursos e a\u00e7\u00f5es para o nosso Estado\u201d, ressaltou a vice-governadora.<\/p>\n\n\n\n<p>Para\u00edba J\u00e1<\/p>\n","protected":false},"excerpt":{"rendered":"<p>A vice-governadora da Para\u00edba, L\u00edgia Feliciano, participou nesta sexta-feira (1) da sess\u00e3o de posse dos deputados federais, no plen\u00e1rio Ulysses Guimar\u00e3es, em Bras\u00edlia. Ela representou&hellip; <\/p>\n","protected":false},"author":1,"featured_media":82930,"comment_status":"closed","ping_status":"closed","sticky":false,"template":"","format":"standard","meta":{"sfsi_plus_gutenberg_text_before_share":"","sfsi_plus_gutenberg_show_text_before_share":"","sfsi_plus_gutenberg_icon_type":"","sfsi_plus_gutenberg_icon_alignemt":"","sfsi_plus_gutenburg_max_per_row":"","footnotes":""},"categories":[11],"tags":[],"class_list":["post-82929","post","type-post","status-publish","format-standard","has-post-thumbnail","hentry","category-politica"],"_links":{"self":[{"href":"https:\/\/www.caririemacao.com\/1\/wp-json\/wp\/v2\/posts\/82929","targetHints":{"allow":["GET"]}}],"collection":[{"href":"https:\/\/www.caririemacao.com\/1\/wp-json\/wp\/v2\/posts"}],"about":[{"href":"https:\/\/www.caririemacao.com\/1\/wp-json\/wp\/v2\/types\/post"}],"author":[{"embeddable":true,"href":"https:\/\/www.caririemacao.com\/1\/wp-json\/wp\/v2\/users\/1"}],"replies":[{"embeddable":true,"href":"https:\/\/www.caririemacao.com\/1\/wp-json\/wp\/v2\/comments?post=82929"}],"version-history":[{"count":1,"href":"https:\/\/www.caririemacao.com\/1\/wp-json\/wp\/v2\/posts\/82929\/revisions"}],"predecessor-version":[{"id":82931,"href":"https:\/\/www.caririemacao.com\/1\/wp-json\/wp\/v2\/posts\/82929\/revisions\/82931"}],"wp:featuredmedia":[{"embeddable":true,"href":"https:\/\/www.caririemacao.com\/1\/wp-json\/wp\/v2\/media\/82930"}],"wp:attachment":[{"href":"https:\/\/www.caririemacao.com\/1\/wp-json\/wp\/v2\/media?parent=82929"}],"wp:term":[{"taxonomy":"category","embeddable":true,"href":"https:\/\/www.caririemacao.com\/1\/wp-json\/wp\/v2\/categories?post=82929"},{"taxonomy":"post_tag","embeddable":true,"href":"https:\/\/www.caririemacao.com\/1\/wp-json\/wp\/v2\/tags?post=82929"}],"curies":[{"name":"wp","href":"https:\/\/api.w.org\/{rel}","templated":true}]}}