{"id":82934,"date":"2019-02-01T18:26:24","date_gmt":"2019-02-01T21:26:24","guid":{"rendered":"http:\/\/www.caririemacao.com\/1\/?p=82934"},"modified":"2019-02-01T19:02:42","modified_gmt":"2019-02-01T22:02:42","slug":"secretaria-de-saude-de-amparo-informatiza-unidade-basica-de-saude","status":"publish","type":"post","link":"https:\/\/www.caririemacao.com\/1\/2019\/02\/01\/secretaria-de-saude-de-amparo-informatiza-unidade-basica-de-saude\/","title":{"rendered":"Secretaria de Sa\u00fade de Amparo informatiza Unidade B\u00e1sica de Sa\u00fade"},"content":{"rendered":"\n<p>Seguindo os crit\u00e9rios do Programa de Melhoria, Acesso e Qualidade da Aten\u00e7\u00e3o B\u00e1sica de Sa\u00fade (PMAQ), a secretaria municipal de sa\u00fade iniciou nesta \u00faltima quarta-feira (30), o processo de informatiza\u00e7\u00e3o da sala de apoio \u00e0 gest\u00e3o estrat\u00e9gica da sa\u00fade bem como de demais \u00e1reas da Unidade B\u00e1sica de Sa\u00fade S\u00e3o Sebasti\u00e3o. <\/p>\n\n\n\n<p>Especificamente, a Sala de Apoio \u00e0 gest\u00e3o estrat\u00e9gica (SAGE) disponibiliza informa\u00e7\u00f5es de sa\u00fade, especialmente da rede de aten\u00e7\u00e3o \u00e0 sa\u00fade priorit\u00e1ria, bem como acompanhamento das metas, repasses, coberturas e indicadores epidemiol\u00f3gicos e operacionais para a tomada de decis\u00f5es, gest\u00e3o e gera\u00e7\u00e3o de conhecimento pelos Estados e munic\u00edpios. <\/p>\n\n\n\n<p> Segundo a secret\u00e1ria de sa\u00fade, Veronica Rafael, esse processo ir\u00e1 dar mais agilidade no repasse das informa\u00e7\u00f5es do munic\u00edpio \u00e0s demais entidades de Sa\u00fade a n\u00edvel de Estado e tamb\u00e9m a n\u00edvel federal, possibilitando assim, que o munic\u00edpio tenha acesso \u00e0 pol\u00edtica p\u00fablica de sa\u00fade com menos burocracia. <\/p>\n","protected":false},"excerpt":{"rendered":"<p>Seguindo os crit\u00e9rios do Programa de Melhoria, Acesso e Qualidade da Aten\u00e7\u00e3o B\u00e1sica de Sa\u00fade (PMAQ), a secretaria municipal de sa\u00fade iniciou nesta \u00faltima quarta-feira&hellip; <\/p>\n","protected":false},"author":2,"featured_media":44111,"comment_status":"closed","ping_status":"closed","sticky":false,"template":"","format":"standard","meta":{"sfsi_plus_gutenberg_text_before_share":"","sfsi_plus_gutenberg_show_text_before_share":"","sfsi_plus_gutenberg_icon_type":"","sfsi_plus_gutenberg_icon_alignemt":"","sfsi_plus_gutenburg_max_per_row":"","footnotes":""},"categories":[6],"tags":[],"class_list":["post-82934","post","type-post","status-publish","format-standard","has-post-thumbnail","hentry","category-cidades"],"_links":{"self":[{"href":"https:\/\/www.caririemacao.com\/1\/wp-json\/wp\/v2\/posts\/82934","targetHints":{"allow":["GET"]}}],"collection":[{"href":"https:\/\/www.caririemacao.com\/1\/wp-json\/wp\/v2\/posts"}],"about":[{"href":"https:\/\/www.caririemacao.com\/1\/wp-json\/wp\/v2\/types\/post"}],"author":[{"embeddable":true,"href":"https:\/\/www.caririemacao.com\/1\/wp-json\/wp\/v2\/users\/2"}],"replies":[{"embeddable":true,"href":"https:\/\/www.caririemacao.com\/1\/wp-json\/wp\/v2\/comments?post=82934"}],"version-history":[{"count":1,"href":"https:\/\/www.caririemacao.com\/1\/wp-json\/wp\/v2\/posts\/82934\/revisions"}],"predecessor-version":[{"id":82935,"href":"https:\/\/www.caririemacao.com\/1\/wp-json\/wp\/v2\/posts\/82934\/revisions\/82935"}],"wp:featuredmedia":[{"embeddable":true,"href":"https:\/\/www.caririemacao.com\/1\/wp-json\/wp\/v2\/media\/44111"}],"wp:attachment":[{"href":"https:\/\/www.caririemacao.com\/1\/wp-json\/wp\/v2\/media?parent=82934"}],"wp:term":[{"taxonomy":"category","embeddable":true,"href":"https:\/\/www.caririemacao.com\/1\/wp-json\/wp\/v2\/categories?post=82934"},{"taxonomy":"post_tag","embeddable":true,"href":"https:\/\/www.caririemacao.com\/1\/wp-json\/wp\/v2\/tags?post=82934"}],"curies":[{"name":"wp","href":"https:\/\/api.w.org\/{rel}","templated":true}]}}