{"id":83096,"date":"2019-02-03T07:57:00","date_gmt":"2019-02-03T10:57:00","guid":{"rendered":"http:\/\/www.caririemacao.com\/1\/?p=83096"},"modified":"2019-02-03T07:57:04","modified_gmt":"2019-02-03T10:57:04","slug":"inscricao-no-prouni-pode-ser-feita-ate-este-domingo","status":"publish","type":"post","link":"https:\/\/www.caririemacao.com\/1\/2019\/02\/03\/inscricao-no-prouni-pode-ser-feita-ate-este-domingo\/","title":{"rendered":"Inscri\u00e7\u00e3o no ProUni pode ser feita at\u00e9 este domingo"},"content":{"rendered":"\n<p>Termina hoje (3) o prazo de inscri\u00e7\u00e3o no Programa Universidade para Todos (ProUni). As inscri\u00e7\u00f5es podem ser feitas&nbsp;<a href=\"http:\/\/siteprouni.mec.gov.br\/\">pela internet<\/a>, na p\u00e1gina do programa. O sistema estar\u00e1 aberto at\u00e9 as 23h59, no hor\u00e1rio de Bras\u00edlia.<\/p>\n\n\n\n<p>Nesta edi\u00e7\u00e3o, o ProUni vai oferecer 243.888 bolsas de estudo em 1.239 institui\u00e7\u00f5es particulares de ensino. Dessas, 116.813 s\u00e3o integrais e 127.075, parciais, de 50% do valor das mensalidades.<\/p>\n\n\n\n<p>Podem participar aqueles que fizeram o Exame Nacional do Ensino M\u00e9dio (Enem) de 2018, alcan\u00e7aram no m\u00ednimo 450 pontos e tiraram nota superior a zero na reda\u00e7\u00e3o.<\/p>\n\n\n\n<p>Al\u00e9m disso, s\u00f3 podem concorrer \u00e0s bolsas estudantes brasileiros sem curso superior e que tenham feito o ensino m\u00e9dio completo na rede p\u00fablica ou como bolsista integral na rede privada; que fizeram parte do ensino m\u00e9dio na rede p\u00fablica e a outra parte na rede privada, na condi\u00e7\u00e3o de bolsista ou que tenham defic\u00eancia f\u00edsica.<\/p>\n\n\n\n<p>As bolsas integrais s\u00e3o voltadas \u00e0queles com renda familiar per capita de at\u00e9 um sal\u00e1rio m\u00ednimo e meio. As bolsas parciais de 50% s\u00e3o destinadas aos estudantes com renda familiar per capita de at\u00e9 tr\u00eas sal\u00e1rios m\u00ednimos. Professores da rede p\u00fablica de ensino tamb\u00e9m podem concorrer a bolsas e n\u00e3o precisam atender aos crit\u00e9rios de renda.<\/p>\n\n\n\n<p>Para fazer a inscri\u00e7\u00e3o, o candidato deve informar o n\u00famero de inscri\u00e7\u00e3o no Enem de 2018 e a senha mais recente usada no Enem. Caso n\u00e3o se recorde do n\u00famero de inscri\u00e7\u00e3o do Enem 2018 ou a senha, o candidato pode recuper\u00e1-los na p\u00e1gina do Enem.<br>Resultado<\/p>\n\n\n\n<p>Os resultados da primeira chamada ser\u00e3o divulgados no dia 6 de fevereiro. Os da segunda chamada, no dia 20 de fevereiro.<\/p>\n\n\n\n<p>O candidato pr\u00e9-selecionado na primeira chamada dever\u00e1 comparecer \u00e0 institui\u00e7\u00e3o para comprovar as informa\u00e7\u00f5es prestadas na inscri\u00e7\u00e3o e eventual participa\u00e7\u00e3o em processo seletivo pr\u00f3prio da institui\u00e7\u00e3o, quando for o caso, de 6 a 14 de fevereiro. Os pr\u00e9-selecionados na segunda chamada, de 20 a 27 de fevereiro.<\/p>\n\n\n\n<p>O registro da aprova\u00e7\u00e3o ou reprova\u00e7\u00e3o dos candidatos no Sistema Informatizado do ProUni e a emiss\u00e3o dos respectivos termos de Concess\u00e3o de Bolsa ou termos de Reprova\u00e7\u00e3o pelas institui\u00e7\u00f5es de ensino dever\u00e3o ser feitos entre os dias 6 a 18 de fevereiro para os selecionados na primeira chamada e, entre 20 de fevereiro e 1\u00ba de mar\u00e7o, para os selecionados na segunda chamada.<br>ProUni<\/p>\n\n\n\n<p>O ProUni concede bolsas de estudo integrais e parciais em cursos de gradua\u00e7\u00e3o e sequenciais de forma\u00e7\u00e3o espec\u00edfica, em institui\u00e7\u00f5es de educa\u00e7\u00e3o superior privadas. Em contrapartida, o programa oferece isen\u00e7\u00e3o de tributos \u00e0s institui\u00e7\u00f5es que aderem ao programa.<\/p>\n\n\n\n<p>Os estudantes selecionados podem pleitear ainda Bolsa Perman\u00eancia, para ajudar nos custos dos estudos, e podem tamb\u00e9m usar o Fundo de Financiamento Estudantil (Fies) para financiar parte da mensalidade n\u00e3o coberta pela bolsa do programa.<\/p>\n","protected":false},"excerpt":{"rendered":"<p>Termina hoje (3) o prazo de inscri\u00e7\u00e3o no Programa Universidade para Todos (ProUni). As inscri\u00e7\u00f5es podem ser feitas&nbsp;pela internet, na p\u00e1gina do programa. O sistema&hellip; <\/p>\n","protected":false},"author":1,"featured_media":62170,"comment_status":"closed","ping_status":"closed","sticky":false,"template":"","format":"standard","meta":{"sfsi_plus_gutenberg_text_before_share":"","sfsi_plus_gutenberg_show_text_before_share":"","sfsi_plus_gutenberg_icon_type":"","sfsi_plus_gutenberg_icon_alignemt":"","sfsi_plus_gutenburg_max_per_row":"","footnotes":""},"categories":[50,14],"tags":[],"class_list":["post-83096","post","type-post","status-publish","format-standard","has-post-thumbnail","hentry","category-destaque","category-educacao"],"_links":{"self":[{"href":"https:\/\/www.caririemacao.com\/1\/wp-json\/wp\/v2\/posts\/83096","targetHints":{"allow":["GET"]}}],"collection":[{"href":"https:\/\/www.caririemacao.com\/1\/wp-json\/wp\/v2\/posts"}],"about":[{"href":"https:\/\/www.caririemacao.com\/1\/wp-json\/wp\/v2\/types\/post"}],"author":[{"embeddable":true,"href":"https:\/\/www.caririemacao.com\/1\/wp-json\/wp\/v2\/users\/1"}],"replies":[{"embeddable":true,"href":"https:\/\/www.caririemacao.com\/1\/wp-json\/wp\/v2\/comments?post=83096"}],"version-history":[{"count":1,"href":"https:\/\/www.caririemacao.com\/1\/wp-json\/wp\/v2\/posts\/83096\/revisions"}],"predecessor-version":[{"id":83097,"href":"https:\/\/www.caririemacao.com\/1\/wp-json\/wp\/v2\/posts\/83096\/revisions\/83097"}],"wp:featuredmedia":[{"embeddable":true,"href":"https:\/\/www.caririemacao.com\/1\/wp-json\/wp\/v2\/media\/62170"}],"wp:attachment":[{"href":"https:\/\/www.caririemacao.com\/1\/wp-json\/wp\/v2\/media?parent=83096"}],"wp:term":[{"taxonomy":"category","embeddable":true,"href":"https:\/\/www.caririemacao.com\/1\/wp-json\/wp\/v2\/categories?post=83096"},{"taxonomy":"post_tag","embeddable":true,"href":"https:\/\/www.caririemacao.com\/1\/wp-json\/wp\/v2\/tags?post=83096"}],"curies":[{"name":"wp","href":"https:\/\/api.w.org\/{rel}","templated":true}]}}