{"id":83099,"date":"2019-02-03T08:01:24","date_gmt":"2019-02-03T11:01:24","guid":{"rendered":"http:\/\/www.caririemacao.com\/1\/?p=83099"},"modified":"2019-02-03T08:01:29","modified_gmt":"2019-02-03T11:01:29","slug":"mais-de-60-motoristas-sao-notificados-na-lei-seca-na-pb","status":"publish","type":"post","link":"https:\/\/www.caririemacao.com\/1\/2019\/02\/03\/mais-de-60-motoristas-sao-notificados-na-lei-seca-na-pb\/","title":{"rendered":"Mais de 60 motoristas s\u00e3o notificados na Lei Seca na PB"},"content":{"rendered":"\n<p>Mais de 60 motoristas foram notificados pelo Departamento Estadual de Tr\u00e2nsito da Para\u00edba (Detran-PB) durante a Opera\u00e7\u00e3o Lei Seca, em janeiro deste ano. O balan\u00e7o, divulgado na sexta-feira (1\u00ba) pela Divis\u00e3o de Policiamento e Fiscaliza\u00e7\u00e3o do \u00f3rg\u00e3o, registrou 63 condutores dirigindo sob efeito de \u00e1lcool.<\/p>\n\n\n\n<p>Dos 641 testes de baf\u00f4metro realizados, foram apreendidas 53 carteiras de habilita\u00e7\u00e3o (CNHs) e 17 ve\u00edculos foram removidos aos p\u00e1tios do \u00f3rg\u00e3o. Al\u00e9m disso, 40 condutores foram autuados em flagrante pela pr\u00e1tica de outras infra\u00e7\u00f5es ao C\u00f3digo de Tr\u00e2nsito Brasileiro (CTB).<\/p>\n\n\n\n<p>Segundo o coordenador da Opera\u00e7\u00e3o Lei Seca na Para\u00edba, major Edmilson Castro, as a\u00e7\u00f5es realizadas pela equipe visam coibir os abusos no tr\u00e2nsito praticados por motoristas que insistem em desobedecer \u00e0s leis de tr\u00e2nsito, principalmente com rela\u00e7\u00e3o \u00e0 embriaguez ao volante.<\/p>\n\n\n\n<h2 class=\"wp-block-heading\">Multa para condutores sob efeito de \u00e1lcool<\/h2>\n\n\n\n<p>O C\u00f3digo de Tr\u00e2nsito Brasileiro (CTB) prev\u00ea que os condutores de ve\u00edculos flagrados dirigindo sob efeito de \u00e1lcool est\u00e3o sujeitos \u00e0 multa e podem responder a processo administrativo com o risco de ter a CNH suspensa por um per\u00edodo de um ano. Nos casos em que houver reincid\u00eancia, a multa e o per\u00edodo de cassa\u00e7\u00e3o da CNH ser\u00e3o dobrados.<\/p>\n","protected":false},"excerpt":{"rendered":"<p>Mais de 60 motoristas foram notificados pelo Departamento Estadual de Tr\u00e2nsito da Para\u00edba (Detran-PB) durante a Opera\u00e7\u00e3o Lei Seca, em janeiro deste ano. O balan\u00e7o,&hellip; <\/p>\n","protected":false},"author":1,"featured_media":83101,"comment_status":"closed","ping_status":"closed","sticky":false,"template":"","format":"standard","meta":{"sfsi_plus_gutenberg_text_before_share":"","sfsi_plus_gutenberg_show_text_before_share":"","sfsi_plus_gutenberg_icon_type":"","sfsi_plus_gutenberg_icon_alignemt":"","sfsi_plus_gutenburg_max_per_row":"","footnotes":""},"categories":[12],"tags":[],"class_list":["post-83099","post","type-post","status-publish","format-standard","has-post-thumbnail","hentry","category-policia"],"_links":{"self":[{"href":"https:\/\/www.caririemacao.com\/1\/wp-json\/wp\/v2\/posts\/83099","targetHints":{"allow":["GET"]}}],"collection":[{"href":"https:\/\/www.caririemacao.com\/1\/wp-json\/wp\/v2\/posts"}],"about":[{"href":"https:\/\/www.caririemacao.com\/1\/wp-json\/wp\/v2\/types\/post"}],"author":[{"embeddable":true,"href":"https:\/\/www.caririemacao.com\/1\/wp-json\/wp\/v2\/users\/1"}],"replies":[{"embeddable":true,"href":"https:\/\/www.caririemacao.com\/1\/wp-json\/wp\/v2\/comments?post=83099"}],"version-history":[{"count":1,"href":"https:\/\/www.caririemacao.com\/1\/wp-json\/wp\/v2\/posts\/83099\/revisions"}],"predecessor-version":[{"id":83102,"href":"https:\/\/www.caririemacao.com\/1\/wp-json\/wp\/v2\/posts\/83099\/revisions\/83102"}],"wp:featuredmedia":[{"embeddable":true,"href":"https:\/\/www.caririemacao.com\/1\/wp-json\/wp\/v2\/media\/83101"}],"wp:attachment":[{"href":"https:\/\/www.caririemacao.com\/1\/wp-json\/wp\/v2\/media?parent=83099"}],"wp:term":[{"taxonomy":"category","embeddable":true,"href":"https:\/\/www.caririemacao.com\/1\/wp-json\/wp\/v2\/categories?post=83099"},{"taxonomy":"post_tag","embeddable":true,"href":"https:\/\/www.caririemacao.com\/1\/wp-json\/wp\/v2\/tags?post=83099"}],"curies":[{"name":"wp","href":"https:\/\/api.w.org\/{rel}","templated":true}]}}