{"id":83114,"date":"2019-02-03T09:16:54","date_gmt":"2019-02-03T12:16:54","guid":{"rendered":"http:\/\/www.caririemacao.com\/1\/?p=83114"},"modified":"2019-02-03T09:16:57","modified_gmt":"2019-02-03T12:16:57","slug":"governador-prestigia-posse-da-nova-mesa-diretora-do-tribunal-de-justica-da-paraiba","status":"publish","type":"post","link":"https:\/\/www.caririemacao.com\/1\/2019\/02\/03\/governador-prestigia-posse-da-nova-mesa-diretora-do-tribunal-de-justica-da-paraiba\/","title":{"rendered":"Governador prestigia posse da nova Mesa Diretora do Tribunal de Justi\u00e7a da Para\u00edba"},"content":{"rendered":"\n<p>O governador Jo\u00e3o Azev\u00eado prestigiou, na \u00faltima sexta-feira, a solenidade de posse da nova Mesa Diretora do Tribunal de Justi\u00e7a da Para\u00edba (TJPB) para o bi\u00eanio 2019\/2020, ocorrida no Centro Cultural Ariano Suassuna, do Tribunal de Contas do Estado (TCE).<\/p>\n\n\n\n<p>Na oportunidade, o chefe do Executivo estadual destacou a import\u00e2ncia do respeito m\u00fatuo entre os Poderes para o fortalecimento da democracia.&nbsp;&nbsp;\u201cN\u00f3s mantemos e reafirmamos essa postura de buscar o melhor relacionamento poss\u00edvel dentro da independ\u00eancia que os Poderes t\u00eam\u201d, ressaltou.<\/p>\n\n\n\n<p>Na sess\u00e3o solene, foram empossados os desembargadores M\u00e1rcio Murilo da Cunha Ramos (presidente), Arn\u00f3bio Alves Teod\u00f3sio (vice-presidente) e Romero Marcelo da Fonseca Oliveira (corregedor-geral de Justi\u00e7a).<\/p>\n\n\n\n<p>No evento, tamb\u00e9m foram empossados os desembargadores Marcos Cavalcanti de Albuquerque, no cargo de diretor da Escola Superior da Magistratura (Esma), e Jos\u00e9 Aur\u00e9lio da Cruz, como ouvidor de Justi\u00e7a.<\/p>\n\n\n\n<figure class=\"wp-block-image\"><img decoding=\"async\" data-src=\"https:\/\/paraibaonline.com.br\/wp-content\/uploads\/2019\/02\/posse-tj-567x405.jpg\" alt=\"\" class=\"wp-image-573027 lazyload\" src=\"data:image\/svg+xml;base64,PHN2ZyB3aWR0aD0iMSIgaGVpZ2h0PSIxIiB4bWxucz0iaHR0cDovL3d3dy53My5vcmcvMjAwMC9zdmciPjwvc3ZnPg==\" style=\"--smush-placeholder-width: 567px; --smush-placeholder-aspect-ratio: 567\/405;\" \/><\/figure>\n\n\n\n<p>Foto: Secom\/PB<\/p>\n\n\n\n<p>O presidente do TJPB, M\u00e1rcio Murilo, afirmou que sua gest\u00e3o ser\u00e1 pautada na economia de gastos e na aproxima\u00e7\u00e3o da Justi\u00e7a com a popula\u00e7\u00e3o. Ele tamb\u00e9m enalteceu a parceria com o Governo da Para\u00edba que proporcionar\u00e1 a reforma da sede do Judici\u00e1rio Estadual.<\/p>\n\n\n\n<p>\u201cN\u00f3s enfrentamos uma crise muito grande e faltou recursos para reformar a nossa sede, mas o acordo com o Governo permitir\u00e1 que a Suplan recupere a coberta do Tribunal; essa \u00e9 uma boa not\u00edcia e esperamos que ainda no in\u00edcio do pr\u00f3ximo semestre, possamos retornar ao local\u201d, disse.<\/p>\n\n\n\n<p>O governador, por sua vez, ressaltou a import\u00e2ncia de se estabelecer uma rela\u00e7\u00e3o harmoniosa entre os Poderes, a fim de se prestar um servi\u00e7o melhor ao povo.<\/p>\n\n\n\n<p>A sess\u00e3o ainda foi marcada pelas apresenta\u00e7\u00f5es da Banda de M\u00fasica da Pol\u00edcia Militar da Para\u00edba e do Quarteto de Cordas da Orquestra do Alto do Mateus, formada por alunos do Programa de Inclus\u00e3o Social atrav\u00e9s da M\u00fasica e das Artes (Prima), projeto do Governo do Estado que tem o objetivo principal de promover o acesso \u00e0 educa\u00e7\u00e3o musical de crian\u00e7as e jovens que residem em \u00e1reas de vulnerabilidade social.<\/p>\n","protected":false},"excerpt":{"rendered":"<p>O governador Jo\u00e3o Azev\u00eado prestigiou, na \u00faltima sexta-feira, a solenidade de posse da nova Mesa Diretora do Tribunal de Justi\u00e7a da Para\u00edba (TJPB) para o&hellip; <\/p>\n","protected":false},"author":1,"featured_media":83115,"comment_status":"closed","ping_status":"closed","sticky":false,"template":"","format":"standard","meta":{"sfsi_plus_gutenberg_text_before_share":"","sfsi_plus_gutenberg_show_text_before_share":"","sfsi_plus_gutenberg_icon_type":"","sfsi_plus_gutenberg_icon_alignemt":"","sfsi_plus_gutenburg_max_per_row":"","footnotes":""},"categories":[11],"tags":[],"class_list":["post-83114","post","type-post","status-publish","format-standard","has-post-thumbnail","hentry","category-politica"],"_links":{"self":[{"href":"https:\/\/www.caririemacao.com\/1\/wp-json\/wp\/v2\/posts\/83114","targetHints":{"allow":["GET"]}}],"collection":[{"href":"https:\/\/www.caririemacao.com\/1\/wp-json\/wp\/v2\/posts"}],"about":[{"href":"https:\/\/www.caririemacao.com\/1\/wp-json\/wp\/v2\/types\/post"}],"author":[{"embeddable":true,"href":"https:\/\/www.caririemacao.com\/1\/wp-json\/wp\/v2\/users\/1"}],"replies":[{"embeddable":true,"href":"https:\/\/www.caririemacao.com\/1\/wp-json\/wp\/v2\/comments?post=83114"}],"version-history":[{"count":1,"href":"https:\/\/www.caririemacao.com\/1\/wp-json\/wp\/v2\/posts\/83114\/revisions"}],"predecessor-version":[{"id":83116,"href":"https:\/\/www.caririemacao.com\/1\/wp-json\/wp\/v2\/posts\/83114\/revisions\/83116"}],"wp:featuredmedia":[{"embeddable":true,"href":"https:\/\/www.caririemacao.com\/1\/wp-json\/wp\/v2\/media\/83115"}],"wp:attachment":[{"href":"https:\/\/www.caririemacao.com\/1\/wp-json\/wp\/v2\/media?parent=83114"}],"wp:term":[{"taxonomy":"category","embeddable":true,"href":"https:\/\/www.caririemacao.com\/1\/wp-json\/wp\/v2\/categories?post=83114"},{"taxonomy":"post_tag","embeddable":true,"href":"https:\/\/www.caririemacao.com\/1\/wp-json\/wp\/v2\/tags?post=83114"}],"curies":[{"name":"wp","href":"https:\/\/api.w.org\/{rel}","templated":true}]}}