{"id":83117,"date":"2019-02-03T09:19:58","date_gmt":"2019-02-03T12:19:58","guid":{"rendered":"http:\/\/www.caririemacao.com\/1\/?p=83117"},"modified":"2019-02-03T09:20:05","modified_gmt":"2019-02-03T12:20:05","slug":"com-corte-de-21-mil-cargos-governo-quer-economizar-r-209-mi-por-ano","status":"publish","type":"post","link":"https:\/\/www.caririemacao.com\/1\/2019\/02\/03\/com-corte-de-21-mil-cargos-governo-quer-economizar-r-209-mi-por-ano\/","title":{"rendered":"Com corte de 21 mil cargos, governo quer economizar R$ 209 mi por ano"},"content":{"rendered":"\n<p><br>O governo pretende economizar R$ 209 milh\u00f5es por ano com o corte de 21 mil cargos comissionados. Segundo a Secretaria Especial de Desburocratiza\u00e7\u00e3o, Gest\u00e3o e Governo Digital do Minist\u00e9rio da Economia, o decreto com a reestrutura\u00e7\u00e3o de fun\u00e7\u00f5es e gratifica\u00e7\u00f5es t\u00e9cnicas em toda a Esplanada dos Minist\u00e9rios ser\u00e1 editado ainda este m\u00eas.<\/p>\n\n\n\n<p>De acordo com a pasta, a iniciativa contribuir\u00e1 para simplificar a gest\u00e3o e enxugar a diversidade de cargos e comiss\u00f5es. O Minist\u00e9rio da Economia n\u00e3o detalhou a distribui\u00e7\u00e3o dos cortes por \u00f3rg\u00e3os nem por tipos de cargos, mas informou que pretende extinguir algumas gratifica\u00e7\u00f5es de legisla\u00e7\u00e3o muito antiga, algumas que n\u00e3o est\u00e3o sendo ocupadas e outras de baixo valor individual, que n\u00e3o representam fun\u00e7\u00e3o de chefia.<\/p>\n\n\n\n<p>A mudan\u00e7a n\u00e3o necessariamente significar\u00e1 que 21 mil pessoas ser\u00e3o demitidas. Isso porque a maior parte dos cargos em comiss\u00e3o \u00e9 ocupada por servidores concursados escolhidos para chefias ou fun\u00e7\u00f5es de confian\u00e7a.<\/p>\n\n\n\n<p>Segundo o Minist\u00e9rio da Economia, o decreto pretende adequar a estrutura \u00e0s necessidades da administra\u00e7\u00e3o p\u00fablica e evitar, no futuro, a amplia\u00e7\u00e3o dos gastos com a ocupa\u00e7\u00e3o dos cargos que ficaram vagos e as gratifica\u00e7\u00f5es que deixaram de ser pagas.<\/p>\n\n\n\n<p><strong>Estat\u00edsticas<\/strong><\/p>\n\n\n\n<p>Segundo o Painel Estat\u00edstico de Pessoal do Minist\u00e9rio da Economia, o governo anterior terminou com 99.833 cargos comissionados, fun\u00e7\u00f5es e gratifica\u00e7\u00f5es t\u00e9cnicas. Desse total, o Poder Executivo Federal detinha 33.852 (33,9%); e as funda\u00e7\u00f5es federais, 14.629 (14,7%). As autarquias federais concentravam a maior parte: 50.804 (50,9%).<\/p>\n\n\n\n<p>A Secretaria Especial de Desburocratiza\u00e7\u00e3o n\u00e3o informou se o corte dos cargos, fun\u00e7\u00f5es e gratifica\u00e7\u00f5es ocorrer\u00e1 apenas no Executivo Federal ou se tamb\u00e9m abranger\u00e1 as funda\u00e7\u00f5es e autarquias.<\/p>\n\n\n\n<figure class=\"wp-block-image\"><img decoding=\"async\" data-src=\"https:\/\/paraibaonline.com.br\/wp-content\/uploads\/2019\/02\/ESPLANADA-567x378.jpg\" alt=\"Foto: ABr\" class=\"wp-image-573045 lazyload\" src=\"data:image\/svg+xml;base64,PHN2ZyB3aWR0aD0iMSIgaGVpZ2h0PSIxIiB4bWxucz0iaHR0cDovL3d3dy53My5vcmcvMjAwMC9zdmciPjwvc3ZnPg==\" style=\"--smush-placeholder-width: 567px; --smush-placeholder-aspect-ratio: 567\/378;\" \/><\/figure>\n\n\n\n<p>Foto: ABr<\/p>\n\n\n\n<p>As informa\u00e7\u00f5es&nbsp;de janeiro&nbsp;ainda n\u00e3o est\u00e3o compiladas. At\u00e9 agora, apenas o Minist\u00e9rio da Economia detalhou os cortes provocados pela fus\u00e3o de quatro pastas das gest\u00f5es anteriores \u2013 Fazenda; Planejamento; Ind\u00fastria, Com\u00e9rcio Exterior e Servi\u00e7os; e parte do Trabalho.<\/p>\n\n\n\n<p>A nova estrutura&nbsp;enxugou 2.987 cargos&nbsp;\u2013 243 de Dire\u00e7\u00e3o e Assessoramento Superior (DAS), 389 Fun\u00e7\u00f5es Comissionadas do Poder Executivo (FCPE), restrita a servidores concursados, e 2.355 fun\u00e7\u00f5es gratificadas.<\/p>\n\n\n\n<p><strong>Fus\u00f5es<\/strong><\/p>\n\n\n\n<p>O maior potencial de redu\u00e7\u00e3o de cargos comissionados est\u00e1 nos minist\u00e9rios nascidos da uni\u00e3o de pastas antigas. Al\u00e9m da Economia, classificada como superminist\u00e9rio, a nova estrutura da Esplanada dos Minist\u00e9rios t\u00eam tr\u00eas pastas resultantes de fus\u00f5es.<\/p>\n\n\n\n<p>O Minist\u00e9rio da Justi\u00e7a incorporou a pasta de Seguran\u00e7a P\u00fablica e a secretaria do Minist\u00e9rio do Trabalho que cuidava dos registros sindicais. O Minist\u00e9rio da Cidadania reuniu as antigas pastas de Desenvolvimento Social, Cultura e Esporte. O Minist\u00e9rio do Desenvolvimento Regional nasceu da jun\u00e7\u00e3o dos antigos minist\u00e9rios das Cidades e da Integra\u00e7\u00e3o Nacional.<\/p>\n","protected":false},"excerpt":{"rendered":"<p>O governo pretende economizar R$ 209 milh\u00f5es por ano com o corte de 21 mil cargos comissionados. Segundo a Secretaria Especial de Desburocratiza\u00e7\u00e3o, Gest\u00e3o e&hellip; <\/p>\n","protected":false},"author":1,"featured_media":83118,"comment_status":"closed","ping_status":"closed","sticky":false,"template":"","format":"standard","meta":{"sfsi_plus_gutenberg_text_before_share":"","sfsi_plus_gutenberg_show_text_before_share":"","sfsi_plus_gutenberg_icon_type":"","sfsi_plus_gutenberg_icon_alignemt":"","sfsi_plus_gutenburg_max_per_row":"","footnotes":""},"categories":[11],"tags":[],"class_list":["post-83117","post","type-post","status-publish","format-standard","has-post-thumbnail","hentry","category-politica"],"_links":{"self":[{"href":"https:\/\/www.caririemacao.com\/1\/wp-json\/wp\/v2\/posts\/83117","targetHints":{"allow":["GET"]}}],"collection":[{"href":"https:\/\/www.caririemacao.com\/1\/wp-json\/wp\/v2\/posts"}],"about":[{"href":"https:\/\/www.caririemacao.com\/1\/wp-json\/wp\/v2\/types\/post"}],"author":[{"embeddable":true,"href":"https:\/\/www.caririemacao.com\/1\/wp-json\/wp\/v2\/users\/1"}],"replies":[{"embeddable":true,"href":"https:\/\/www.caririemacao.com\/1\/wp-json\/wp\/v2\/comments?post=83117"}],"version-history":[{"count":1,"href":"https:\/\/www.caririemacao.com\/1\/wp-json\/wp\/v2\/posts\/83117\/revisions"}],"predecessor-version":[{"id":83119,"href":"https:\/\/www.caririemacao.com\/1\/wp-json\/wp\/v2\/posts\/83117\/revisions\/83119"}],"wp:featuredmedia":[{"embeddable":true,"href":"https:\/\/www.caririemacao.com\/1\/wp-json\/wp\/v2\/media\/83118"}],"wp:attachment":[{"href":"https:\/\/www.caririemacao.com\/1\/wp-json\/wp\/v2\/media?parent=83117"}],"wp:term":[{"taxonomy":"category","embeddable":true,"href":"https:\/\/www.caririemacao.com\/1\/wp-json\/wp\/v2\/categories?post=83117"},{"taxonomy":"post_tag","embeddable":true,"href":"https:\/\/www.caririemacao.com\/1\/wp-json\/wp\/v2\/tags?post=83117"}],"curies":[{"name":"wp","href":"https:\/\/api.w.org\/{rel}","templated":true}]}}