{"id":83135,"date":"2019-02-03T09:50:21","date_gmt":"2019-02-03T12:50:21","guid":{"rendered":"http:\/\/www.caririemacao.com\/1\/?p=83135"},"modified":"2019-02-03T09:50:24","modified_gmt":"2019-02-03T12:50:24","slug":"alcolumbre-nao-conhece-paulo-guedes-mas-diz-que-esta-de-portas-abertas","status":"publish","type":"post","link":"https:\/\/www.caririemacao.com\/1\/2019\/02\/03\/alcolumbre-nao-conhece-paulo-guedes-mas-diz-que-esta-de-portas-abertas\/","title":{"rendered":"Alcolumbre n\u00e3o conhece Paulo Guedes, mas diz que est\u00e1 de portas abertas"},"content":{"rendered":"\n<p>Eleito presidente do Senado, Davi Alcolumbre (DEM-AL) disse que, apesar de n\u00e3o conhecer o ministro da Economia, Paulo Guedes, est\u00e1 com as portas abertas para &#8220;tocar com celeridade as proposi\u00e7\u00f5es do governo&#8221;, disse.&nbsp;<\/p>\n\n\n\n<p>Alcolumbre diz que considera a reforma da Previd\u00eancia algo fundamental ao Pa\u00eds. &#8220;N\u00e3o tenho d\u00favida que a prioridade ser\u00e1 votarmos a reforma da Previd\u00eancia&#8221;, afirmou.<\/p>\n\n\n\n<p>O novo presidente disse que o Senado \u00e9 a Casa do entendimento, do di\u00e1logo. &#8220;O governo vai enviar sua pauta e v\u00e3o ser feitas avalia\u00e7\u00f5es pelas comiss\u00f5es pertinentes&#8221;, afirmou. &#8220;Os brasileiros apresentaram para o Brasil um novo Congresso&#8221;, disse.<\/p>\n\n\n\n<p>Em rela\u00e7\u00e3o ao imbr\u00f3glio que levou os senadores a anularem a primeira vota\u00e7\u00e3o deste s\u00e1bado, o novo presidente da Casa afirmou que ir\u00e1 determinar apura\u00e7\u00e3o para saber se houve ou n\u00e3o inten\u00e7\u00e3o de fazer uma fraude. &#8220;Por enquanto, h\u00e1 uma suspeita e vamos apurar esse assunto&#8221;, disse. &#8220;Parece que tem uma filmagem, precisamos apurar, avaliar&#8221;, disse.<\/p>\n\n\n\n<p>Ele admitiu que a vota\u00e7\u00e3o foi tumultuada, mas considerou que o Senado &#8220;saiu muito grande desse processo por cumprir a decis\u00e3o judicial&#8221;, disse. Na madrugada, o Supremo Tribunal Federal (STF) determinou que a vota\u00e7\u00e3o fosse secreta e n\u00e3o aberta como a maioria dos senadores tinha votado anteriormente. No entanto, apesar do rito ter se mantido secreto, boa parte dos senadores revelaram o voto durante o pleito, inclusive mostrando as c\u00e9dulas para as c\u00e2meras.<\/p>\n\n\n\n<p>Ele confirmou que foi agendada uma reuni\u00e3o para ter\u00e7a-feira, dia 5, para discutir a proporcionalidade da Casa com os l\u00edderes partid\u00e1rios, o que deve determinar a distribui\u00e7\u00e3o de cargos na Mesa Diretora e comiss\u00f5es.<\/p>\n\n\n\n<p>Em rela\u00e7\u00e3o \u00e0 senadora Katia Abreu (PDT-TO), que protagonizou uma cena curiosa com Alcolumbre na sess\u00e3o de sexta-feira, dia 1\u00ba, ele afirmou que a parlamentar \u00e9 uma amiga e que estar\u00e1 \u00e0 disposi\u00e7\u00e3o dela. A senadora pegou uma pasta da mesa diretora enquanto Alcolumbre presidia a sess\u00e3o e, quando ele pediu que ela devolvesse, a senadora retrucou &#8220;vem tomar&#8221;. Neste s\u00e1bado, a ex-ministra da Agricultura o presenteou com um buqu\u00ea de flores. &#8220;Estamos vivendo outro momento, isso \u00e9 uma p\u00e1gina virada&#8221;, disse.<\/p>\n\n\n\n<p>Sobre o principal advers\u00e1rio nesta elei\u00e7\u00e3o, Renan Calheiros (MDB-AL), Alcolumbre afirmou que vai telefonar para o senador e que a experi\u00eancia dele &#8220;vai ser muito importante&#8221;.<\/p>\n\n\n\n<p>&nbsp;&#8220;Assim como vou ligar para todos os senadores, a bandeira vai ser o di\u00e1logo&#8221;, disse. &#8220;O Senado n\u00e3o pode parar, os senadores v\u00e3o ter que fazer dessa casa o que o Brasil esperar.&#8221;<\/p>\n\n\n\n<p>Por fim, ele disse ainda que entrou na elei\u00e7\u00e3o para ganhar e que vai tentar pacificar insistentemente a Casa para que o di\u00e1logo seja o pano de fundo da sua administra\u00e7\u00e3o. &#8220;O presidente do Senado Federal n\u00e3o tem partido, \u00e9 o presidente de uma institui\u00e7\u00e3o&#8221;.<\/p>\n\n\n\n<p><strong>Bandeira<\/strong><\/p>\n\n\n\n<p>Sobre o secret\u00e1rio-geral da Mesa do Senado, Luiz Fernando Bandeira de Mello, Alcolumbre disse que ele \u00e9 um servidor que tem ajudado muito o Senado. &#8220;Quero tomar decis\u00f5es com os l\u00edderes&#8221;, disse.<\/p>\n\n\n\n<p>O presidente em exerc\u00edcio do Senado, Jos\u00e9 Maranh\u00e3o (MDB-PB) reconduziu Bandeira para o cargo de secret\u00e1rio-geral da Mesa do Senado. Ele havia sido destitu\u00eddo do cargo depois de editar um ato que determinava que o pr\u00f3prio Maranh\u00e3o conduziria os trabalhos.<\/p>\n","protected":false},"excerpt":{"rendered":"<p>Eleito presidente do Senado, Davi Alcolumbre (DEM-AL) disse que, apesar de n\u00e3o conhecer o ministro da Economia, Paulo Guedes, est\u00e1 com as portas abertas para&hellip; <\/p>\n","protected":false},"author":1,"featured_media":83136,"comment_status":"closed","ping_status":"closed","sticky":false,"template":"","format":"standard","meta":{"sfsi_plus_gutenberg_text_before_share":"","sfsi_plus_gutenberg_show_text_before_share":"","sfsi_plus_gutenberg_icon_type":"","sfsi_plus_gutenberg_icon_alignemt":"","sfsi_plus_gutenburg_max_per_row":"","footnotes":""},"categories":[11],"tags":[],"class_list":["post-83135","post","type-post","status-publish","format-standard","has-post-thumbnail","hentry","category-politica"],"_links":{"self":[{"href":"https:\/\/www.caririemacao.com\/1\/wp-json\/wp\/v2\/posts\/83135","targetHints":{"allow":["GET"]}}],"collection":[{"href":"https:\/\/www.caririemacao.com\/1\/wp-json\/wp\/v2\/posts"}],"about":[{"href":"https:\/\/www.caririemacao.com\/1\/wp-json\/wp\/v2\/types\/post"}],"author":[{"embeddable":true,"href":"https:\/\/www.caririemacao.com\/1\/wp-json\/wp\/v2\/users\/1"}],"replies":[{"embeddable":true,"href":"https:\/\/www.caririemacao.com\/1\/wp-json\/wp\/v2\/comments?post=83135"}],"version-history":[{"count":1,"href":"https:\/\/www.caririemacao.com\/1\/wp-json\/wp\/v2\/posts\/83135\/revisions"}],"predecessor-version":[{"id":83137,"href":"https:\/\/www.caririemacao.com\/1\/wp-json\/wp\/v2\/posts\/83135\/revisions\/83137"}],"wp:featuredmedia":[{"embeddable":true,"href":"https:\/\/www.caririemacao.com\/1\/wp-json\/wp\/v2\/media\/83136"}],"wp:attachment":[{"href":"https:\/\/www.caririemacao.com\/1\/wp-json\/wp\/v2\/media?parent=83135"}],"wp:term":[{"taxonomy":"category","embeddable":true,"href":"https:\/\/www.caririemacao.com\/1\/wp-json\/wp\/v2\/categories?post=83135"},{"taxonomy":"post_tag","embeddable":true,"href":"https:\/\/www.caririemacao.com\/1\/wp-json\/wp\/v2\/tags?post=83135"}],"curies":[{"name":"wp","href":"https:\/\/api.w.org\/{rel}","templated":true}]}}