{"id":83139,"date":"2019-02-03T09:53:24","date_gmt":"2019-02-03T12:53:24","guid":{"rendered":"http:\/\/www.caririemacao.com\/1\/?p=83139"},"modified":"2019-02-03T09:53:28","modified_gmt":"2019-02-03T12:53:28","slug":"mdb-fica-fora-do-comando-do-congresso-pela-primeira-vez-desde-1985","status":"publish","type":"post","link":"https:\/\/www.caririemacao.com\/1\/2019\/02\/03\/mdb-fica-fora-do-comando-do-congresso-pela-primeira-vez-desde-1985\/","title":{"rendered":"MDB fica fora do comando do Congresso pela primeira vez desde 1985"},"content":{"rendered":"\n<p>As vit\u00f3rias de Rodrigo Maia (RJ) e Davi Alcolumbre (AP), ambos do DEM, nas elei\u00e7\u00f5es para as presid\u00eancia da C\u00e2mara e do Senado s\u00e3o significativas em termos negativos para o DEM.<\/p>\n\n\n\n<p>Motivo: esta \u00e9 primeira vez desde o governo de Jos\u00e9 Sarney, em 1985, que o partido n\u00e3o tem o comando de ao menos uma das Casas do Congresso.<\/p>\n\n\n\n<p>Situa\u00e7\u00e3o similar ocorreu apenas em 2007, quando Renan Calheiros (AL), que desistiu do pleito neste s\u00e1bado (2), renunciou \u00e0 presid\u00eancia do Senado para evitar ser cassado.<\/p>\n\n\n\n<p>Not\u00edcias ao Minuto<\/p>\n","protected":false},"excerpt":{"rendered":"<p>As vit\u00f3rias de Rodrigo Maia (RJ) e Davi Alcolumbre (AP), ambos do DEM, nas elei\u00e7\u00f5es para as presid\u00eancia da C\u00e2mara e do Senado s\u00e3o significativas&hellip; <\/p>\n","protected":false},"author":1,"featured_media":83141,"comment_status":"closed","ping_status":"closed","sticky":false,"template":"","format":"standard","meta":{"sfsi_plus_gutenberg_text_before_share":"","sfsi_plus_gutenberg_show_text_before_share":"","sfsi_plus_gutenberg_icon_type":"","sfsi_plus_gutenberg_icon_alignemt":"","sfsi_plus_gutenburg_max_per_row":"","footnotes":""},"categories":[11],"tags":[],"class_list":["post-83139","post","type-post","status-publish","format-standard","has-post-thumbnail","hentry","category-politica"],"_links":{"self":[{"href":"https:\/\/www.caririemacao.com\/1\/wp-json\/wp\/v2\/posts\/83139","targetHints":{"allow":["GET"]}}],"collection":[{"href":"https:\/\/www.caririemacao.com\/1\/wp-json\/wp\/v2\/posts"}],"about":[{"href":"https:\/\/www.caririemacao.com\/1\/wp-json\/wp\/v2\/types\/post"}],"author":[{"embeddable":true,"href":"https:\/\/www.caririemacao.com\/1\/wp-json\/wp\/v2\/users\/1"}],"replies":[{"embeddable":true,"href":"https:\/\/www.caririemacao.com\/1\/wp-json\/wp\/v2\/comments?post=83139"}],"version-history":[{"count":1,"href":"https:\/\/www.caririemacao.com\/1\/wp-json\/wp\/v2\/posts\/83139\/revisions"}],"predecessor-version":[{"id":83142,"href":"https:\/\/www.caririemacao.com\/1\/wp-json\/wp\/v2\/posts\/83139\/revisions\/83142"}],"wp:featuredmedia":[{"embeddable":true,"href":"https:\/\/www.caririemacao.com\/1\/wp-json\/wp\/v2\/media\/83141"}],"wp:attachment":[{"href":"https:\/\/www.caririemacao.com\/1\/wp-json\/wp\/v2\/media?parent=83139"}],"wp:term":[{"taxonomy":"category","embeddable":true,"href":"https:\/\/www.caririemacao.com\/1\/wp-json\/wp\/v2\/categories?post=83139"},{"taxonomy":"post_tag","embeddable":true,"href":"https:\/\/www.caririemacao.com\/1\/wp-json\/wp\/v2\/tags?post=83139"}],"curies":[{"name":"wp","href":"https:\/\/api.w.org\/{rel}","templated":true}]}}