{"id":83144,"date":"2019-02-03T09:54:53","date_gmt":"2019-02-03T12:54:53","guid":{"rendered":"http:\/\/www.caririemacao.com\/1\/?p=83144"},"modified":"2019-02-03T09:54:56","modified_gmt":"2019-02-03T12:54:56","slug":"homem-e-preso-por-mentir-nome-de-pessoa-desaparecida-em-brumadinho-para-ganhar-indenizacao-de-r-100-mil","status":"publish","type":"post","link":"https:\/\/www.caririemacao.com\/1\/2019\/02\/03\/homem-e-preso-por-mentir-nome-de-pessoa-desaparecida-em-brumadinho-para-ganhar-indenizacao-de-r-100-mil\/","title":{"rendered":"Homem \u00e9 preso por mentir nome de pessoa desaparecida em Brumadinho para ganhar indeniza\u00e7\u00e3o de R$ 100 mil"},"content":{"rendered":"\n<p>Um homem foi preso nesse s\u00e1bado (2), em Brumadinho, regi\u00e3o metropolitana de Belo Horizonte (MG), &#8220;tentando incluir nome de pessoa desaparecida de forma fraudulenta para obter indevidamente indeniza\u00e7\u00e3o de R$ 100 mil&#8221; que a Vale pagaria, como doa\u00e7\u00e3o, \u00e0s v\u00edtimas da trag\u00e9dia.<\/p>\n\n\n\n<p>De acordo com o G1, a Pol\u00edcia Civil de Minas Gerais informou que o suspeito foi preso em flagrante por estelionato.<\/p>\n\n\n\n<p>Not\u00edcias ao Minuto<\/p>\n","protected":false},"excerpt":{"rendered":"<p>Um homem foi preso nesse s\u00e1bado (2), em Brumadinho, regi\u00e3o metropolitana de Belo Horizonte (MG), &#8220;tentando incluir nome de pessoa desaparecida de forma fraudulenta para&hellip; <\/p>\n","protected":false},"author":1,"featured_media":82347,"comment_status":"closed","ping_status":"closed","sticky":false,"template":"","format":"standard","meta":{"sfsi_plus_gutenberg_text_before_share":"","sfsi_plus_gutenberg_show_text_before_share":"","sfsi_plus_gutenberg_icon_type":"","sfsi_plus_gutenberg_icon_alignemt":"","sfsi_plus_gutenburg_max_per_row":"","footnotes":""},"categories":[50,12],"tags":[],"class_list":["post-83144","post","type-post","status-publish","format-standard","has-post-thumbnail","hentry","category-destaque","category-policia"],"_links":{"self":[{"href":"https:\/\/www.caririemacao.com\/1\/wp-json\/wp\/v2\/posts\/83144","targetHints":{"allow":["GET"]}}],"collection":[{"href":"https:\/\/www.caririemacao.com\/1\/wp-json\/wp\/v2\/posts"}],"about":[{"href":"https:\/\/www.caririemacao.com\/1\/wp-json\/wp\/v2\/types\/post"}],"author":[{"embeddable":true,"href":"https:\/\/www.caririemacao.com\/1\/wp-json\/wp\/v2\/users\/1"}],"replies":[{"embeddable":true,"href":"https:\/\/www.caririemacao.com\/1\/wp-json\/wp\/v2\/comments?post=83144"}],"version-history":[{"count":1,"href":"https:\/\/www.caririemacao.com\/1\/wp-json\/wp\/v2\/posts\/83144\/revisions"}],"predecessor-version":[{"id":83145,"href":"https:\/\/www.caririemacao.com\/1\/wp-json\/wp\/v2\/posts\/83144\/revisions\/83145"}],"wp:featuredmedia":[{"embeddable":true,"href":"https:\/\/www.caririemacao.com\/1\/wp-json\/wp\/v2\/media\/82347"}],"wp:attachment":[{"href":"https:\/\/www.caririemacao.com\/1\/wp-json\/wp\/v2\/media?parent=83144"}],"wp:term":[{"taxonomy":"category","embeddable":true,"href":"https:\/\/www.caririemacao.com\/1\/wp-json\/wp\/v2\/categories?post=83144"},{"taxonomy":"post_tag","embeddable":true,"href":"https:\/\/www.caririemacao.com\/1\/wp-json\/wp\/v2\/tags?post=83144"}],"curies":[{"name":"wp","href":"https:\/\/api.w.org\/{rel}","templated":true}]}}