{"id":83146,"date":"2019-02-03T09:59:07","date_gmt":"2019-02-03T12:59:07","guid":{"rendered":"http:\/\/www.caririemacao.com\/1\/?p=83146"},"modified":"2019-02-03T09:59:11","modified_gmt":"2019-02-03T12:59:11","slug":"belo-marca-e-vence-a-primeira-no-nordestao","status":"publish","type":"post","link":"https:\/\/www.caririemacao.com\/1\/2019\/02\/03\/belo-marca-e-vence-a-primeira-no-nordestao\/","title":{"rendered":"Belo marca e vence a primeira no Nordest\u00e3o"},"content":{"rendered":"\n<p>Com um gol de Paulo Ren\u00ea aos 44 minutos da etapa final o Botafogo-PB venceu o Fortaleza-CE em jogo realizado na tarde deste s\u00e1bado (02), no Est\u00e1dio Almeid\u00e3o em Jo\u00e3o Pessoa. A partida foi v\u00e1lida pela 3\u00aa rodada da competi\u00e7\u00e3o e com esta primeira vit\u00f3ria na Copa do Nordeste o Belo soma agora cinco pontos, assumindo temporariamente a lideran\u00e7a do Grupo B.<\/p>\n\n\n\n<p>O Botafogo volta a campo no pr\u00f3ximo s\u00e1bado (09) no Almeid\u00e3o, pelo Campeonato Paraibano enfrentando o CSP. J\u00e1 pela copa do Nordeste o Belo volta a campo no dia 16, em Aracaju, capital sergipana, quando enfrentar\u00e1 a equipe do Sergipe.<\/p>\n\n\n\n<p>Antes por\u00e9m o time da capital ainda tem sua estreia na Copa do Brasil no dia 13, enfrentando o Oper\u00e1rio-MS, na casa do advers\u00e1rio.<\/p>\n\n\n\n<p><strong>MaisPB<\/strong><\/p>\n","protected":false},"excerpt":{"rendered":"<p>Com um gol de Paulo Ren\u00ea aos 44 minutos da etapa final o Botafogo-PB venceu o Fortaleza-CE em jogo realizado na tarde deste s\u00e1bado (02),&hellip; <\/p>\n","protected":false},"author":1,"featured_media":83149,"comment_status":"closed","ping_status":"closed","sticky":false,"template":"","format":"standard","meta":{"sfsi_plus_gutenberg_text_before_share":"","sfsi_plus_gutenberg_show_text_before_share":"","sfsi_plus_gutenberg_icon_type":"","sfsi_plus_gutenberg_icon_alignemt":"","sfsi_plus_gutenburg_max_per_row":"","footnotes":""},"categories":[13],"tags":[],"class_list":["post-83146","post","type-post","status-publish","format-standard","has-post-thumbnail","hentry","category-esportes"],"_links":{"self":[{"href":"https:\/\/www.caririemacao.com\/1\/wp-json\/wp\/v2\/posts\/83146","targetHints":{"allow":["GET"]}}],"collection":[{"href":"https:\/\/www.caririemacao.com\/1\/wp-json\/wp\/v2\/posts"}],"about":[{"href":"https:\/\/www.caririemacao.com\/1\/wp-json\/wp\/v2\/types\/post"}],"author":[{"embeddable":true,"href":"https:\/\/www.caririemacao.com\/1\/wp-json\/wp\/v2\/users\/1"}],"replies":[{"embeddable":true,"href":"https:\/\/www.caririemacao.com\/1\/wp-json\/wp\/v2\/comments?post=83146"}],"version-history":[{"count":1,"href":"https:\/\/www.caririemacao.com\/1\/wp-json\/wp\/v2\/posts\/83146\/revisions"}],"predecessor-version":[{"id":83150,"href":"https:\/\/www.caririemacao.com\/1\/wp-json\/wp\/v2\/posts\/83146\/revisions\/83150"}],"wp:featuredmedia":[{"embeddable":true,"href":"https:\/\/www.caririemacao.com\/1\/wp-json\/wp\/v2\/media\/83149"}],"wp:attachment":[{"href":"https:\/\/www.caririemacao.com\/1\/wp-json\/wp\/v2\/media?parent=83146"}],"wp:term":[{"taxonomy":"category","embeddable":true,"href":"https:\/\/www.caririemacao.com\/1\/wp-json\/wp\/v2\/categories?post=83146"},{"taxonomy":"post_tag","embeddable":true,"href":"https:\/\/www.caririemacao.com\/1\/wp-json\/wp\/v2\/tags?post=83146"}],"curies":[{"name":"wp","href":"https:\/\/api.w.org\/{rel}","templated":true}]}}