{"id":83155,"date":"2019-02-03T10:35:50","date_gmt":"2019-02-03T13:35:50","guid":{"rendered":"http:\/\/www.caririemacao.com\/1\/?p=83155"},"modified":"2019-02-03T10:35:55","modified_gmt":"2019-02-03T13:35:55","slug":"bolsonaro-apresenta-quadro-de-normalidade-informam-asssessores","status":"publish","type":"post","link":"https:\/\/www.caririemacao.com\/1\/2019\/02\/03\/bolsonaro-apresenta-quadro-de-normalidade-informam-asssessores\/","title":{"rendered":"Bolsonaro apresenta quadro de normalidade, informam asssessores"},"content":{"rendered":"\n<p>O presidente da Rep\u00fablica, Jair Bolsonaro, apresenta um quadro de normalidade na manh\u00e3 de hoje (3). Segundo assessores da Presid\u00eancia, o presidente dormiu bem e j\u00e1 passou por uma primeira avalia\u00e7\u00e3o m\u00e9dica no in\u00edcio do dia. Ele estava repousando por volta das 10h.<\/p>\n\n\n\n<p>N\u00e3o houve altera\u00e7\u00e3o na previs\u00e3o de alta de Bolsonaro, que dever\u00e1 ocorrer na quarta ou quinta-feira. Segundo os assessores, ele continua usando uma sonda nasog\u00e1strica para retirada de excesso de l\u00edquido do est\u00f4mago.<\/p>\n\n\n\n<p>Na tarde de ontem (2), o presidente passou mal e apresentou quadro de n\u00e1usea e v\u00f4mito, segundo boletim m\u00e9dico, e quando foi colocada a sonda. Apesar da indisposi\u00e7\u00e3o, ele n\u00e3o teve febre e dor. Acompanham Bolsonaro a esposa Michelle Bolsonaro e o filho Carlos Bolsonaro.<\/p>\n\n\n\n<p>\u00c0 tarde, haver\u00e1 uma segunda avalia\u00e7\u00e3o m\u00e9dica e a divulga\u00e7\u00e3o de um boletim pelo Hospital Israelita Albert Einstein, na capital paulista, onde est\u00e1 internado.<\/p>\n\n\n\n<p><\/p>\n\n\n\n<p>Ag\u00eancia Brasil<\/p>\n","protected":false},"excerpt":{"rendered":"<p>O presidente da Rep\u00fablica, Jair Bolsonaro, apresenta um quadro de normalidade na manh\u00e3 de hoje (3). Segundo assessores da Presid\u00eancia, o presidente dormiu bem e&hellip; <\/p>\n","protected":false},"author":1,"featured_media":83156,"comment_status":"closed","ping_status":"closed","sticky":false,"template":"","format":"standard","meta":{"sfsi_plus_gutenberg_text_before_share":"","sfsi_plus_gutenberg_show_text_before_share":"","sfsi_plus_gutenberg_icon_type":"","sfsi_plus_gutenberg_icon_alignemt":"","sfsi_plus_gutenburg_max_per_row":"","footnotes":""},"categories":[11],"tags":[],"class_list":["post-83155","post","type-post","status-publish","format-standard","has-post-thumbnail","hentry","category-politica"],"_links":{"self":[{"href":"https:\/\/www.caririemacao.com\/1\/wp-json\/wp\/v2\/posts\/83155","targetHints":{"allow":["GET"]}}],"collection":[{"href":"https:\/\/www.caririemacao.com\/1\/wp-json\/wp\/v2\/posts"}],"about":[{"href":"https:\/\/www.caririemacao.com\/1\/wp-json\/wp\/v2\/types\/post"}],"author":[{"embeddable":true,"href":"https:\/\/www.caririemacao.com\/1\/wp-json\/wp\/v2\/users\/1"}],"replies":[{"embeddable":true,"href":"https:\/\/www.caririemacao.com\/1\/wp-json\/wp\/v2\/comments?post=83155"}],"version-history":[{"count":1,"href":"https:\/\/www.caririemacao.com\/1\/wp-json\/wp\/v2\/posts\/83155\/revisions"}],"predecessor-version":[{"id":83157,"href":"https:\/\/www.caririemacao.com\/1\/wp-json\/wp\/v2\/posts\/83155\/revisions\/83157"}],"wp:featuredmedia":[{"embeddable":true,"href":"https:\/\/www.caririemacao.com\/1\/wp-json\/wp\/v2\/media\/83156"}],"wp:attachment":[{"href":"https:\/\/www.caririemacao.com\/1\/wp-json\/wp\/v2\/media?parent=83155"}],"wp:term":[{"taxonomy":"category","embeddable":true,"href":"https:\/\/www.caririemacao.com\/1\/wp-json\/wp\/v2\/categories?post=83155"},{"taxonomy":"post_tag","embeddable":true,"href":"https:\/\/www.caririemacao.com\/1\/wp-json\/wp\/v2\/tags?post=83155"}],"curies":[{"name":"wp","href":"https:\/\/api.w.org\/{rel}","templated":true}]}}