{"id":83165,"date":"2019-02-03T22:18:48","date_gmt":"2019-02-04T01:18:48","guid":{"rendered":"http:\/\/www.caririemacao.com\/1\/?p=83165"},"modified":"2019-02-03T22:18:51","modified_gmt":"2019-02-04T01:18:51","slug":"chuvas-provocam-cheias-em-rios-e-derrubam-ate-portico-de-cidade-no-cariri","status":"publish","type":"post","link":"https:\/\/www.caririemacao.com\/1\/2019\/02\/03\/chuvas-provocam-cheias-em-rios-e-derrubam-ate-portico-de-cidade-no-cariri\/","title":{"rendered":"Chuvas provocam cheias em rios e derrubam at\u00e9 p\u00f3rtico de cidade no Cariri"},"content":{"rendered":"\n<p>Na tarde deste domingo(03) fortes chuvas acompanhadas de ventos foram registradas em v\u00e1rias cidades do cariri paraibano. Na cidade de Tapero\u00e1, o&nbsp;portal da entrada da cidade de Tapero\u00e1 n\u00e3o resistiu as chuvas de ventos e parte do portal veio abaixo, causando estragos na entrada da cidade.<\/p>\n\n\n\n<div class=\"wp-block-image\"><figure class=\"aligncenter\"><img decoding=\"async\" data-src=\"http:\/\/deolhonocariri.com.br\/wp-content\/uploads\/2019\/02\/51161291_2280330445556131_2270721545510846464_n-600x353.jpg\" alt=\"\" class=\"wp-image-62538 lazyload\" src=\"data:image\/svg+xml;base64,PHN2ZyB3aWR0aD0iMSIgaGVpZ2h0PSIxIiB4bWxucz0iaHR0cDovL3d3dy53My5vcmcvMjAwMC9zdmciPjwvc3ZnPg==\" style=\"--smush-placeholder-width: 600px; --smush-placeholder-aspect-ratio: 600\/353;\" \/><\/figure><\/div>\n\n\n\n<p>O portal enaltece o nome de filhos ilustres da cidade com Ariano Suassuna, Vital Farias e outros nomes da cidade que \u00e9 conhecida como ber\u00e7o cultural do Cariri. Em contato com a nossa equipe de reportagem, o prefeito de Tapero\u00e1, Jurandi Gouveia, afirmou que a Prefeitura vai retirar as ferragens&nbsp; e construir\u00e1 em breve um novo portal.<\/p>\n\n\n\n<p><strong>RIOS E RIACHOS DA REGI\u00c3O REGISTRAM ENCHENTES<\/strong><\/p>\n\n\n\n<div class=\"wp-block-image\"><figure class=\"aligncenter\"><img decoding=\"async\" data-src=\"http:\/\/deolhonocariri.com.br\/wp-content\/uploads\/2019\/02\/chuvas-cariri-600x400.jpg\" alt=\"\" class=\"wp-image-62540 lazyload\" src=\"data:image\/svg+xml;base64,PHN2ZyB3aWR0aD0iMSIgaGVpZ2h0PSIxIiB4bWxucz0iaHR0cDovL3d3dy53My5vcmcvMjAwMC9zdmciPjwvc3ZnPg==\" style=\"--smush-placeholder-width: 600px; --smush-placeholder-aspect-ratio: 600\/400;\" \/><\/figure><\/div>\n\n\n\n<p>Em contrapartida, as fortes chuvas na cidade de Tapero\u00e1 e v\u00e1rias cidades da regi\u00e3o, deram alegria aos caririzeiros neste domingo.<\/p>\n\n\n\n<p>O Rio Tapero\u00e1 transcorreu \u00e1gua em seu leito, descendo rio abaixo, onde em S\u00e3o Jo\u00e3o do Cariri, a popula\u00e7\u00e3o registraram a decida das \u00e1guas no rio da cidade. As \u00e1guas do Rio Tapero\u00e1 segue at\u00e9 o a\u00e7ude Epit\u00e1cio Pessoa em Boqueir\u00e3o.<\/p>\n\n\n\n<p>Al\u00e9m de S\u00e3o Jo\u00e3o do Cariri, foram registradas cheias no Rio Para\u00edba, mas precisamente na comunidade rural das Porteiras em S\u00e3o Domingos do Cariri. As \u00e1guas do Rio Tapero\u00e1 e Rio Para\u00edba seguem at\u00e9 o a\u00e7ude Epit\u00e1cio Pessoa em Boqueir\u00e3o. Cheias em riachos tamb\u00e9m foram registradas em comunidades rurais no munic\u00edpio de Cabaceiras.<\/p>\n\n\n\n<div class=\"wp-block-image\"><figure class=\"aligncenter\"><img decoding=\"async\" data-src=\"http:\/\/deolhonocariri.com.br\/wp-content\/uploads\/2019\/02\/51102481_1211708012320298_5108501240791171072_n-338x600.png\" alt=\"\" class=\"wp-image-62539 lazyload\" src=\"data:image\/svg+xml;base64,PHN2ZyB3aWR0aD0iMSIgaGVpZ2h0PSIxIiB4bWxucz0iaHR0cDovL3d3dy53My5vcmcvMjAwMC9zdmciPjwvc3ZnPg==\" style=\"--smush-placeholder-width: 338px; --smush-placeholder-aspect-ratio: 338\/600;\" \/><\/figure><\/div>\n\n\n\n<p>Na cidade de S\u00e3o Jo\u00e3o do Cariri um grande volume de chuva foi registrado neste domingo, chegando \u00e0 quase 100 mil\u00edmetros.<\/p>\n\n\n\n<p><strong>De Olho no Cariri<\/strong><\/p>\n","protected":false},"excerpt":{"rendered":"<p>Na tarde deste domingo(03) fortes chuvas acompanhadas de ventos foram registradas em v\u00e1rias cidades do cariri paraibano. Na cidade de Tapero\u00e1, o&nbsp;portal da entrada da&hellip; <\/p>\n","protected":false},"author":1,"featured_media":83166,"comment_status":"closed","ping_status":"closed","sticky":false,"template":"","format":"standard","meta":{"sfsi_plus_gutenberg_text_before_share":"","sfsi_plus_gutenberg_show_text_before_share":"","sfsi_plus_gutenberg_icon_type":"","sfsi_plus_gutenberg_icon_alignemt":"","sfsi_plus_gutenburg_max_per_row":"","footnotes":""},"categories":[2],"tags":[],"class_list":["post-83165","post","type-post","status-publish","format-standard","has-post-thumbnail","hentry","category-geral"],"_links":{"self":[{"href":"https:\/\/www.caririemacao.com\/1\/wp-json\/wp\/v2\/posts\/83165","targetHints":{"allow":["GET"]}}],"collection":[{"href":"https:\/\/www.caririemacao.com\/1\/wp-json\/wp\/v2\/posts"}],"about":[{"href":"https:\/\/www.caririemacao.com\/1\/wp-json\/wp\/v2\/types\/post"}],"author":[{"embeddable":true,"href":"https:\/\/www.caririemacao.com\/1\/wp-json\/wp\/v2\/users\/1"}],"replies":[{"embeddable":true,"href":"https:\/\/www.caririemacao.com\/1\/wp-json\/wp\/v2\/comments?post=83165"}],"version-history":[{"count":1,"href":"https:\/\/www.caririemacao.com\/1\/wp-json\/wp\/v2\/posts\/83165\/revisions"}],"predecessor-version":[{"id":83167,"href":"https:\/\/www.caririemacao.com\/1\/wp-json\/wp\/v2\/posts\/83165\/revisions\/83167"}],"wp:featuredmedia":[{"embeddable":true,"href":"https:\/\/www.caririemacao.com\/1\/wp-json\/wp\/v2\/media\/83166"}],"wp:attachment":[{"href":"https:\/\/www.caririemacao.com\/1\/wp-json\/wp\/v2\/media?parent=83165"}],"wp:term":[{"taxonomy":"category","embeddable":true,"href":"https:\/\/www.caririemacao.com\/1\/wp-json\/wp\/v2\/categories?post=83165"},{"taxonomy":"post_tag","embeddable":true,"href":"https:\/\/www.caririemacao.com\/1\/wp-json\/wp\/v2\/tags?post=83165"}],"curies":[{"name":"wp","href":"https:\/\/api.w.org\/{rel}","templated":true}]}}