{"id":83170,"date":"2019-02-04T08:00:51","date_gmt":"2019-02-04T11:00:51","guid":{"rendered":"http:\/\/www.caririemacao.com\/1\/?p=83170"},"modified":"2019-02-04T08:00:54","modified_gmt":"2019-02-04T11:00:54","slug":"cheia-no-rio-paraiba-deve-acelerar-chegada-das-aguas-da-transposicao-em-boqueirao-veja-video","status":"publish","type":"post","link":"https:\/\/www.caririemacao.com\/1\/2019\/02\/04\/cheia-no-rio-paraiba-deve-acelerar-chegada-das-aguas-da-transposicao-em-boqueirao-veja-video\/","title":{"rendered":"Cheia no Rio Para\u00edba deve acelerar chegada das \u00e1guas da Transposi\u00e7\u00e3o em Boqueir\u00e3o; veja v\u00eddeo"},"content":{"rendered":"\n<p>O Rio Para\u00edba na cidade de S\u00e3o Domingos do Cariri registrou uma cheia ap\u00f3s as chuvas que ca\u00edram na regi\u00e3o na tarde deste domingo (3).<\/p>\n\n\n\n<p>Com as chuvas de hoje, as \u00e1guas da Transposi\u00e7\u00e3o do Rio S\u00e3o Francisco devem chegar o quanto antes no a\u00e7ude Epit\u00e1cio Pessoa, em Boqueir\u00e3o.<\/p>\n\n\n\n<p>Veja o v\u00eddeo:<\/p>\n\n\n\n<figure><iframe data-src=\"http:\/\/www.youtube.com\/embed\/CtOJxI1Xq5c?version=3&amp;rel=1&amp;fs=1&amp;autohide=2&amp;showsearch=0&amp;showinfo=1&amp;iv_load_policy=1&amp;wmode=transparent\" allowfullscreen=\"true\" src=\"data:image\/svg+xml;base64,PHN2ZyB3aWR0aD0iMSIgaGVpZ2h0PSIxIiB4bWxucz0iaHR0cDovL3d3dy53My5vcmcvMjAwMC9zdmciPjwvc3ZnPg==\" class=\"lazyload\" data-load-mode=\"1\"><\/iframe><\/figure>\n\n\n\n<p>Foto: Amanda Alexandre<\/p>\n","protected":false},"excerpt":{"rendered":"<p>O Rio Para\u00edba na cidade de S\u00e3o Domingos do Cariri registrou uma cheia ap\u00f3s as chuvas que ca\u00edram na regi\u00e3o na tarde deste domingo (3).&hellip; <\/p>\n","protected":false},"author":1,"featured_media":83171,"comment_status":"closed","ping_status":"closed","sticky":false,"template":"","format":"standard","meta":{"sfsi_plus_gutenberg_text_before_share":"","sfsi_plus_gutenberg_show_text_before_share":"","sfsi_plus_gutenberg_icon_type":"","sfsi_plus_gutenberg_icon_alignemt":"","sfsi_plus_gutenburg_max_per_row":"","footnotes":""},"categories":[6],"tags":[],"class_list":["post-83170","post","type-post","status-publish","format-standard","has-post-thumbnail","hentry","category-cidades"],"_links":{"self":[{"href":"https:\/\/www.caririemacao.com\/1\/wp-json\/wp\/v2\/posts\/83170","targetHints":{"allow":["GET"]}}],"collection":[{"href":"https:\/\/www.caririemacao.com\/1\/wp-json\/wp\/v2\/posts"}],"about":[{"href":"https:\/\/www.caririemacao.com\/1\/wp-json\/wp\/v2\/types\/post"}],"author":[{"embeddable":true,"href":"https:\/\/www.caririemacao.com\/1\/wp-json\/wp\/v2\/users\/1"}],"replies":[{"embeddable":true,"href":"https:\/\/www.caririemacao.com\/1\/wp-json\/wp\/v2\/comments?post=83170"}],"version-history":[{"count":1,"href":"https:\/\/www.caririemacao.com\/1\/wp-json\/wp\/v2\/posts\/83170\/revisions"}],"predecessor-version":[{"id":83172,"href":"https:\/\/www.caririemacao.com\/1\/wp-json\/wp\/v2\/posts\/83170\/revisions\/83172"}],"wp:featuredmedia":[{"embeddable":true,"href":"https:\/\/www.caririemacao.com\/1\/wp-json\/wp\/v2\/media\/83171"}],"wp:attachment":[{"href":"https:\/\/www.caririemacao.com\/1\/wp-json\/wp\/v2\/media?parent=83170"}],"wp:term":[{"taxonomy":"category","embeddable":true,"href":"https:\/\/www.caririemacao.com\/1\/wp-json\/wp\/v2\/categories?post=83170"},{"taxonomy":"post_tag","embeddable":true,"href":"https:\/\/www.caririemacao.com\/1\/wp-json\/wp\/v2\/tags?post=83170"}],"curies":[{"name":"wp","href":"https:\/\/api.w.org\/{rel}","templated":true}]}}