{"id":83174,"date":"2019-02-04T08:06:13","date_gmt":"2019-02-04T11:06:13","guid":{"rendered":"http:\/\/www.caririemacao.com\/1\/?p=83174"},"modified":"2019-02-04T08:06:17","modified_gmt":"2019-02-04T11:06:17","slug":"apos-chuvas-aguas-do-rio-paraiba-devem-chegar-na-bacia-hidrografica-do-acude-de-boqueirao-nesta-segunda-feira-veja-video","status":"publish","type":"post","link":"https:\/\/www.caririemacao.com\/1\/2019\/02\/04\/apos-chuvas-aguas-do-rio-paraiba-devem-chegar-na-bacia-hidrografica-do-acude-de-boqueirao-nesta-segunda-feira-veja-video\/","title":{"rendered":"Ap\u00f3s chuvas, \u00e1guas do Rio Para\u00edba devem chegar na Bacia hidrogr\u00e1fica do a\u00e7ude de Boqueir\u00e3o nesta segunda-feira; veja v\u00eddeo"},"content":{"rendered":"\n<p>Com as chuvas do \u00faltimo domingo (3) e com as \u00e1guas da Transposi\u00e7\u00e3o do Rio S\u00e3o Francisco, as \u00e1guas do Rio Para\u00edba devem chegar nesta segunda-feira (4), na bacia hidrogr\u00e1fica do a\u00e7ude Epit\u00e1cio Pessoa, em Boqueir\u00e3o.<\/p>\n\n\n\n<p>O Blog do Bruno Lira foi confirir de perto as \u00e1guas no munic\u00edpio de S\u00e3o Domingos do Cariri, nesta segunda-feira (4).<\/p>\n\n\n\n<p>Veja v\u00eddeo:<\/p>\n\n\n\n<figure><iframe data-src=\"http:\/\/www.youtube.com\/embed\/QrEswLsgVpw?version=3&amp;rel=1&amp;fs=1&amp;autohide=2&amp;showsearch=0&amp;showinfo=1&amp;iv_load_policy=1&amp;wmode=transparent\" allowfullscreen=\"true\" src=\"data:image\/svg+xml;base64,PHN2ZyB3aWR0aD0iMSIgaGVpZ2h0PSIxIiB4bWxucz0iaHR0cDovL3d3dy53My5vcmcvMjAwMC9zdmciPjwvc3ZnPg==\" class=\"lazyload\" data-load-mode=\"1\"><\/iframe><\/figure>\n","protected":false},"excerpt":{"rendered":"<p>Com as chuvas do \u00faltimo domingo (3) e com as \u00e1guas da Transposi\u00e7\u00e3o do Rio S\u00e3o Francisco, as \u00e1guas do Rio Para\u00edba devem chegar nesta&hellip; <\/p>\n","protected":false},"author":1,"featured_media":83175,"comment_status":"closed","ping_status":"closed","sticky":false,"template":"","format":"standard","meta":{"sfsi_plus_gutenberg_text_before_share":"","sfsi_plus_gutenberg_show_text_before_share":"","sfsi_plus_gutenberg_icon_type":"","sfsi_plus_gutenberg_icon_alignemt":"","sfsi_plus_gutenburg_max_per_row":"","footnotes":""},"categories":[50,2],"tags":[],"class_list":["post-83174","post","type-post","status-publish","format-standard","has-post-thumbnail","hentry","category-destaque","category-geral"],"_links":{"self":[{"href":"https:\/\/www.caririemacao.com\/1\/wp-json\/wp\/v2\/posts\/83174","targetHints":{"allow":["GET"]}}],"collection":[{"href":"https:\/\/www.caririemacao.com\/1\/wp-json\/wp\/v2\/posts"}],"about":[{"href":"https:\/\/www.caririemacao.com\/1\/wp-json\/wp\/v2\/types\/post"}],"author":[{"embeddable":true,"href":"https:\/\/www.caririemacao.com\/1\/wp-json\/wp\/v2\/users\/1"}],"replies":[{"embeddable":true,"href":"https:\/\/www.caririemacao.com\/1\/wp-json\/wp\/v2\/comments?post=83174"}],"version-history":[{"count":1,"href":"https:\/\/www.caririemacao.com\/1\/wp-json\/wp\/v2\/posts\/83174\/revisions"}],"predecessor-version":[{"id":83176,"href":"https:\/\/www.caririemacao.com\/1\/wp-json\/wp\/v2\/posts\/83174\/revisions\/83176"}],"wp:featuredmedia":[{"embeddable":true,"href":"https:\/\/www.caririemacao.com\/1\/wp-json\/wp\/v2\/media\/83175"}],"wp:attachment":[{"href":"https:\/\/www.caririemacao.com\/1\/wp-json\/wp\/v2\/media?parent=83174"}],"wp:term":[{"taxonomy":"category","embeddable":true,"href":"https:\/\/www.caririemacao.com\/1\/wp-json\/wp\/v2\/categories?post=83174"},{"taxonomy":"post_tag","embeddable":true,"href":"https:\/\/www.caririemacao.com\/1\/wp-json\/wp\/v2\/tags?post=83174"}],"curies":[{"name":"wp","href":"https:\/\/api.w.org\/{rel}","templated":true}]}}