{"id":83183,"date":"2019-02-04T08:11:34","date_gmt":"2019-02-04T11:11:34","guid":{"rendered":"http:\/\/www.caririemacao.com\/1\/?p=83183"},"modified":"2019-02-04T08:11:37","modified_gmt":"2019-02-04T11:11:37","slug":"sisu-termina-nesta-segunda-prazo-de-matricula-em-instituicoes-de-ensino","status":"publish","type":"post","link":"https:\/\/www.caririemacao.com\/1\/2019\/02\/04\/sisu-termina-nesta-segunda-prazo-de-matricula-em-instituicoes-de-ensino\/","title":{"rendered":"Sisu: termina nesta segunda prazo de matr\u00edcula em institui\u00e7\u00f5es de ensino"},"content":{"rendered":"\n<p>Esta segunda (4) \u00e9 o \u00faltimo dia para que os estudantes selecionados no&nbsp;<a href=\"http:\/\/sisu.mec.gov.br\/\" target=\"_blank\" rel=\"noreferrer noopener\">Sistema de Sele\u00e7\u00e3o Unificada (Sisu)<\/a>&nbsp;fa\u00e7am matr\u00edcula nas institui\u00e7\u00f5es de ensino. Os estudantes devem verificar os hor\u00e1rios e locais de atendimento definidos pelas institui\u00e7\u00e3o em edital pr\u00f3prio.<\/p>\n\n\n\n<p>Quem tiver o interesse e preencher os requisitos pode pleitear assist\u00eancia estudantil para cobrir custos como transporte e moradia. Segundo o Minist\u00e9rio da Educa\u00e7\u00e3o (MEC), os programas de assist\u00eancia estudantil s\u00e3o implementados diretamente pelas institui\u00e7\u00f5es, por isso, os candidatos devem buscar informa\u00e7\u00f5es na pr\u00f3pria institui\u00e7\u00e3o de ensino.<\/p>\n\n\n\n<p>O resultado do Sisu est\u00e1 dispon\u00edvel desde o dia 28, na p\u00e1gina do programa. O per\u00edodo de matr\u00edcula come\u00e7ou no \u00faltimo dia 30.<\/p>\n\n\n\n<h2 class=\"wp-block-heading\">Lista de espera<\/h2>\n\n\n\n<p>Os estudantes que n\u00e3o foram aprovados em nenhuma das op\u00e7\u00f5es de curso podem integrar, at\u00e9 amanh\u00e3 (5), a lista de espera do programa. A ades\u00e3o pode ser feita na p\u00e1gina do Sisu. Os candidatos podem escolher entrar na lista de espera para a primeira ou para a segunda op\u00e7\u00e3o de curso feita na hora da inscri\u00e7\u00e3o. Os alunos na lista ser\u00e3o convocados pelas pr\u00f3prias institui\u00e7\u00f5es de ensino a partir do dia 7 de fevereiro.<\/p>\n\n\n\n<p>A partir desta edi\u00e7\u00e3o do Sisu, os estudantes selecionados em qualquer uma das duas op\u00e7\u00f5es n\u00e3o poder\u00e3o participar da lista de espera. At\u00e9 o ano passado, os selecionados na segunda podiam ainda participar da lista e ter a chance de ser escolhido na primeira op\u00e7\u00e3o.<\/p>\n\n\n\n\n\n<p>Ao todo, o Sisu oferece, nesta edi\u00e7\u00e3o, 235.461 vagas em 129 institui\u00e7\u00f5es p\u00fablicas de todo o pa\u00eds. Puderam se inscrever no programa os estudantes que fizeram o Enem 2018 e obtiveram nota acima de zero na prova de reda\u00e7\u00e3o. Segundo o MEC, mais de&nbsp;1,8 milh\u00e3o de candidatos&nbsp;se inscreveram.<\/p>\n\n\n\n<p><em>Com Ag\u00eancia Brasil.&nbsp;<\/em><\/p>\n","protected":false},"excerpt":{"rendered":"<p>Esta segunda (4) \u00e9 o \u00faltimo dia para que os estudantes selecionados no&nbsp;Sistema de Sele\u00e7\u00e3o Unificada (Sisu)&nbsp;fa\u00e7am matr\u00edcula nas institui\u00e7\u00f5es de ensino. Os estudantes devem&hellip; <\/p>\n","protected":false},"author":1,"featured_media":82344,"comment_status":"closed","ping_status":"closed","sticky":false,"template":"","format":"standard","meta":{"sfsi_plus_gutenberg_text_before_share":"","sfsi_plus_gutenberg_show_text_before_share":"","sfsi_plus_gutenberg_icon_type":"","sfsi_plus_gutenberg_icon_alignemt":"","sfsi_plus_gutenburg_max_per_row":"","footnotes":""},"categories":[14],"tags":[],"class_list":["post-83183","post","type-post","status-publish","format-standard","has-post-thumbnail","hentry","category-educacao"],"_links":{"self":[{"href":"https:\/\/www.caririemacao.com\/1\/wp-json\/wp\/v2\/posts\/83183","targetHints":{"allow":["GET"]}}],"collection":[{"href":"https:\/\/www.caririemacao.com\/1\/wp-json\/wp\/v2\/posts"}],"about":[{"href":"https:\/\/www.caririemacao.com\/1\/wp-json\/wp\/v2\/types\/post"}],"author":[{"embeddable":true,"href":"https:\/\/www.caririemacao.com\/1\/wp-json\/wp\/v2\/users\/1"}],"replies":[{"embeddable":true,"href":"https:\/\/www.caririemacao.com\/1\/wp-json\/wp\/v2\/comments?post=83183"}],"version-history":[{"count":1,"href":"https:\/\/www.caririemacao.com\/1\/wp-json\/wp\/v2\/posts\/83183\/revisions"}],"predecessor-version":[{"id":83184,"href":"https:\/\/www.caririemacao.com\/1\/wp-json\/wp\/v2\/posts\/83183\/revisions\/83184"}],"wp:featuredmedia":[{"embeddable":true,"href":"https:\/\/www.caririemacao.com\/1\/wp-json\/wp\/v2\/media\/82344"}],"wp:attachment":[{"href":"https:\/\/www.caririemacao.com\/1\/wp-json\/wp\/v2\/media?parent=83183"}],"wp:term":[{"taxonomy":"category","embeddable":true,"href":"https:\/\/www.caririemacao.com\/1\/wp-json\/wp\/v2\/categories?post=83183"},{"taxonomy":"post_tag","embeddable":true,"href":"https:\/\/www.caririemacao.com\/1\/wp-json\/wp\/v2\/tags?post=83183"}],"curies":[{"name":"wp","href":"https:\/\/api.w.org\/{rel}","templated":true}]}}