{"id":83187,"date":"2019-02-04T08:21:12","date_gmt":"2019-02-04T11:21:12","guid":{"rendered":"http:\/\/www.caririemacao.com\/1\/?p=83187"},"modified":"2019-02-04T08:21:17","modified_gmt":"2019-02-04T11:21:17","slug":"treze-demite-treinador-apos-derrota-historica-para-perilima-saiba-detalhes","status":"publish","type":"post","link":"https:\/\/www.caririemacao.com\/1\/2019\/02\/04\/treze-demite-treinador-apos-derrota-historica-para-perilima-saiba-detalhes\/","title":{"rendered":"Treze demite treinador ap\u00f3s derrota hist\u00f3rica para Perilima. Saiba detalhes"},"content":{"rendered":"\n<p><br>Depois de uma pr\u00e9-temporada quase perfeita, pelo menos no que diz respeito aos resultados dos amistosos, mas com um in\u00edcio de Campeonato Paraibano 2019 irregular, o t\u00e9cnico Maur\u00edlio Silva n\u00e3o suportou a derrota para a Perilima e deixou o comando do Treze.<\/p>\n\n\n\n<p>A partida teve validade pela quarta rodada do estadual e acabou 1 a 0 para a \u00c1guia, que tornou o dia marcante ao vencer o Alvinegro pela primeira vez na hist\u00f3ria. At\u00e9 ent\u00e3o o hist\u00f3rico de confrontos registrava 15 jogos realizados, com 15 triunfos galistas.<\/p>\n\n\n\n<p>Em comunicado postado na sua conta pessoal do Twitter \u00e0s 22h12 deste domingo (03), quatro horas depois do apito final no Amig\u00e3o, o presidente do Galo, Walter Cavalcanti J\u00fanior, anunciou o desligamento do treinador.<\/p>\n\n\n\n<figure class=\"wp-block-image\"><img decoding=\"async\" data-src=\"https:\/\/paraibaonline.com.br\/wp-content\/uploads\/2019\/02\/TT_WalterJr.jpg\" alt=\"\" class=\"wp-image-573805 lazyload\" src=\"data:image\/svg+xml;base64,PHN2ZyB3aWR0aD0iMSIgaGVpZ2h0PSIxIiB4bWxucz0iaHR0cDovL3d3dy53My5vcmcvMjAwMC9zdmciPjwvc3ZnPg==\" \/><\/figure>\n\n\n\n<p>Imagem: Reprodu\u00e7\u00e3o \/ Twitter<\/p>\n\n\n\n<p>Maur\u00edlio Silva deixa o Treze ap\u00f3s quatro jogos oficias, com duas vit\u00f3rias (Esporte de Patos e CSP) e duas derrotas (Atl\u00e9tico de Cajazeiras e Perilima). No Paraibano, a equipe anotou seis gols e sofreu tr\u00eas.<\/p>\n\n\n\n<p>A \u201ccarta de apresenta\u00e7\u00e3o\u201d do treinador, por\u00e9m, foi animadora. Em cinco amistosos e dois jogos-treinos na pr\u00e9-temporada, o Galo conquistou um empate e seis vit\u00f3rias, incluindo o triunfo ante o rival Campinense no Cl\u00e1ssico dos Maiorais que inaugurou o gramado do&nbsp; Amig\u00e3o.<\/p>\n\n\n\n<p>Nas redes sociais, desde o final do jogo contra a Peri, a torcida trezeana tem cobrado provid\u00eancias da diretoria. O principal alvo dos alvinegros n\u00e3o era nem tanto o t\u00e9cnico Maur\u00edlio Silva, mas sim o o gerente de futebol Gil Baiano, que seria o homem de confian\u00e7a do empres\u00e1rio Alankardec Moraes, ex-diretor de futebol do clube.<\/p>\n\n\n\n<figure class=\"wp-block-image\"><img decoding=\"async\" data-src=\"https:\/\/paraibaonline.com.br\/wp-content\/uploads\/2019\/02\/Alan_Maur%C3%ADlio.jpg\" alt=\"\" class=\"wp-image-573853 lazyload\" src=\"data:image\/svg+xml;base64,PHN2ZyB3aWR0aD0iMSIgaGVpZ2h0PSIxIiB4bWxucz0iaHR0cDovL3d3dy53My5vcmcvMjAwMC9zdmciPjwvc3ZnPg==\" \/><\/figure>\n\n\n\n<p>Foto: Reprodu\u00e7\u00e3o \/ TV Para\u00edba<\/p>\n\n\n\n<p>Junto com F\u00e1bio Azev\u00eado, Alan deixou o cargo formalmente no final da temporada passada, mas continua frequentando o est\u00e1dio Presidente Vargas diariamente. Na semana passada, inclusive, o ex-diretor de futebol foi visto conversando (foto) com o ent\u00e3o treinador galista no gramado do PV, durante a prepara\u00e7\u00e3o da equipe justamente para o duelo com a Perilima.<\/p>\n\n\n\n<p>Ao longo da noite deste domingo, at\u00e9 antes do clube oficializar a sa\u00edda de Maur\u00edlio, uma mensagem de \u00e1udio do t\u00e9cnico Celso Teixeira, vice-campe\u00e3o estadual com o Treze em 2017, come\u00e7ou a ser compartilhada por torcedores no WhatsApp.<\/p>\n\n\n\n<p>Nela, supostamente respondendo a um trezeano sobre a possibilidade de retorno ao Presidente Vargas, o treinador cita a dupla Alan-Gil Baiano para afirmar que seu acerto com o Galo seria complicado.<\/p>\n\n\n\n<p>\u2013 Mas \u00e9 dif\u00edcil voltar, porque eu fiquei sabendo agora que quem est\u00e1 mandado l\u00e1 \u00e9 o Alankardec (Moraes) e o Gil Baiano. A\u00ed eles n\u00e3o querem tanto eu como o Fl\u00e1vio Ara\u00fajo, porque a gente n\u00e3o aceita algumas coisas. Fiquei sabendo agora. Fiquei sabendo que o Alan est\u00e1 por tr\u00e1s. O Alan que banca o Gil Baiano e n\u00e3o v\u00e3o mudar o treinador n\u00e3o. Diz-se que o Alan esteve at\u00e9 no vesti\u00e1rio e esculhambou com os jogadores. Teve um jogador que me ligou aqui e falou. Alan est\u00e1 por tr\u00e1s e Gil Baiano que manda (sic) \u2013 disse Celso Teixeira.<\/p>\n","protected":false},"excerpt":{"rendered":"<p>Depois de uma pr\u00e9-temporada quase perfeita, pelo menos no que diz respeito aos resultados dos amistosos, mas com um in\u00edcio de Campeonato Paraibano 2019 irregular,&hellip; <\/p>\n","protected":false},"author":1,"featured_media":75547,"comment_status":"closed","ping_status":"closed","sticky":false,"template":"","format":"standard","meta":{"sfsi_plus_gutenberg_text_before_share":"","sfsi_plus_gutenberg_show_text_before_share":"","sfsi_plus_gutenberg_icon_type":"","sfsi_plus_gutenberg_icon_alignemt":"","sfsi_plus_gutenburg_max_per_row":"","footnotes":""},"categories":[13],"tags":[],"class_list":["post-83187","post","type-post","status-publish","format-standard","has-post-thumbnail","hentry","category-esportes"],"_links":{"self":[{"href":"https:\/\/www.caririemacao.com\/1\/wp-json\/wp\/v2\/posts\/83187","targetHints":{"allow":["GET"]}}],"collection":[{"href":"https:\/\/www.caririemacao.com\/1\/wp-json\/wp\/v2\/posts"}],"about":[{"href":"https:\/\/www.caririemacao.com\/1\/wp-json\/wp\/v2\/types\/post"}],"author":[{"embeddable":true,"href":"https:\/\/www.caririemacao.com\/1\/wp-json\/wp\/v2\/users\/1"}],"replies":[{"embeddable":true,"href":"https:\/\/www.caririemacao.com\/1\/wp-json\/wp\/v2\/comments?post=83187"}],"version-history":[{"count":1,"href":"https:\/\/www.caririemacao.com\/1\/wp-json\/wp\/v2\/posts\/83187\/revisions"}],"predecessor-version":[{"id":83189,"href":"https:\/\/www.caririemacao.com\/1\/wp-json\/wp\/v2\/posts\/83187\/revisions\/83189"}],"wp:featuredmedia":[{"embeddable":true,"href":"https:\/\/www.caririemacao.com\/1\/wp-json\/wp\/v2\/media\/75547"}],"wp:attachment":[{"href":"https:\/\/www.caririemacao.com\/1\/wp-json\/wp\/v2\/media?parent=83187"}],"wp:term":[{"taxonomy":"category","embeddable":true,"href":"https:\/\/www.caririemacao.com\/1\/wp-json\/wp\/v2\/categories?post=83187"},{"taxonomy":"post_tag","embeddable":true,"href":"https:\/\/www.caririemacao.com\/1\/wp-json\/wp\/v2\/tags?post=83187"}],"curies":[{"name":"wp","href":"https:\/\/api.w.org\/{rel}","templated":true}]}}