{"id":83192,"date":"2019-02-04T08:24:56","date_gmt":"2019-02-04T11:24:56","guid":{"rendered":"http:\/\/www.caririemacao.com\/1\/?p=83192"},"modified":"2019-02-04T08:24:59","modified_gmt":"2019-02-04T11:24:59","slug":"homens-assaltaram-residencia-na-zona-rural-de-monteiro","status":"publish","type":"post","link":"https:\/\/www.caririemacao.com\/1\/2019\/02\/04\/homens-assaltaram-residencia-na-zona-rural-de-monteiro\/","title":{"rendered":"Homens assaltaram resid\u00eancia na zona rural de Monteiro"},"content":{"rendered":"\n<p>Dois criminosos invadiram e roubaram uma resid\u00eancia em Monteiro no Cariri Paraibano na \u00faltima sexta-feira (01).<\/p>\n\n\n\n<p>Segundo informa\u00e7\u00f5es, dois homens armados chegaram na resid\u00eancia, localizada no sitio Pau Ferro zona rural do munic\u00edpio, ap\u00f3s fazerem amea\u00e7as, os suspeitos roubaram, um aparelho celular, diversos objetos e uma quantia em dinheiro de aproximadamente 4 mil reais. Em seguida, os criminosos fugiram.<\/p>\n\n\n\n<p>O caso foi registrado na 14\u00aa Delegacia Seccional de Pol\u00edcia Civil de Monteiro.<\/p>\n\n\n\n<p>Com OPIPOCO<\/p>\n","protected":false},"excerpt":{"rendered":"<p>Dois criminosos invadiram e roubaram uma resid\u00eancia em Monteiro no Cariri Paraibano na \u00faltima sexta-feira (01). Segundo informa\u00e7\u00f5es, dois homens armados chegaram na resid\u00eancia, localizada&hellip; <\/p>\n","protected":false},"author":1,"featured_media":45420,"comment_status":"closed","ping_status":"closed","sticky":false,"template":"","format":"standard","meta":{"sfsi_plus_gutenberg_text_before_share":"","sfsi_plus_gutenberg_show_text_before_share":"","sfsi_plus_gutenberg_icon_type":"","sfsi_plus_gutenberg_icon_alignemt":"","sfsi_plus_gutenburg_max_per_row":"","footnotes":""},"categories":[50,12],"tags":[],"class_list":["post-83192","post","type-post","status-publish","format-standard","has-post-thumbnail","hentry","category-destaque","category-policia"],"_links":{"self":[{"href":"https:\/\/www.caririemacao.com\/1\/wp-json\/wp\/v2\/posts\/83192","targetHints":{"allow":["GET"]}}],"collection":[{"href":"https:\/\/www.caririemacao.com\/1\/wp-json\/wp\/v2\/posts"}],"about":[{"href":"https:\/\/www.caririemacao.com\/1\/wp-json\/wp\/v2\/types\/post"}],"author":[{"embeddable":true,"href":"https:\/\/www.caririemacao.com\/1\/wp-json\/wp\/v2\/users\/1"}],"replies":[{"embeddable":true,"href":"https:\/\/www.caririemacao.com\/1\/wp-json\/wp\/v2\/comments?post=83192"}],"version-history":[{"count":1,"href":"https:\/\/www.caririemacao.com\/1\/wp-json\/wp\/v2\/posts\/83192\/revisions"}],"predecessor-version":[{"id":83193,"href":"https:\/\/www.caririemacao.com\/1\/wp-json\/wp\/v2\/posts\/83192\/revisions\/83193"}],"wp:featuredmedia":[{"embeddable":true,"href":"https:\/\/www.caririemacao.com\/1\/wp-json\/wp\/v2\/media\/45420"}],"wp:attachment":[{"href":"https:\/\/www.caririemacao.com\/1\/wp-json\/wp\/v2\/media?parent=83192"}],"wp:term":[{"taxonomy":"category","embeddable":true,"href":"https:\/\/www.caririemacao.com\/1\/wp-json\/wp\/v2\/categories?post=83192"},{"taxonomy":"post_tag","embeddable":true,"href":"https:\/\/www.caririemacao.com\/1\/wp-json\/wp\/v2\/tags?post=83192"}],"curies":[{"name":"wp","href":"https:\/\/api.w.org\/{rel}","templated":true}]}}