{"id":83194,"date":"2019-02-04T08:32:33","date_gmt":"2019-02-04T11:32:33","guid":{"rendered":"http:\/\/www.caririemacao.com\/1\/?p=83194"},"modified":"2019-02-04T08:32:36","modified_gmt":"2019-02-04T11:32:36","slug":"mec-abre-1126-vagas-em-especializacao-gratuita-a-distancia-com-vagas-para-monteiro","status":"publish","type":"post","link":"https:\/\/www.caririemacao.com\/1\/2019\/02\/04\/mec-abre-1126-vagas-em-especializacao-gratuita-a-distancia-com-vagas-para-monteiro\/","title":{"rendered":"MEC abre 1126 vagas em especializa\u00e7\u00e3o gratuita a dist\u00e2ncia com vagas para Monteiro"},"content":{"rendered":"\n<p>Est\u00e3o abertas a inscri\u00e7\u00f5es para a especializa\u00e7\u00e3o&nbsp;gratuita a dist\u00e2ncia em Pr\u00e1ticas Assertivas da&nbsp;Educa\u00e7\u00e3o Profissional&nbsp; Integrada \u00e0 Educa\u00e7\u00e3o de&nbsp;Jovens e Adultos (p\u00f3s-gradua\u00e7\u00e3o lato sensu)&nbsp;oferecida pelo Minist\u00e9rio da Educa\u00e7\u00e3o. S\u00e3o&nbsp; 1126&nbsp;vagas distribu\u00eddas em diversos p\u00f3los.<\/p>\n\n\n\n<p>O in\u00edcio da especializa\u00e7\u00e3o gratuita a dist\u00e2ncia ser\u00e1&nbsp;primeiro semestre letivo de 2019. Das vagas, 60%&nbsp;s\u00e3o destinadas a&nbsp; profissionais da educa\u00e7\u00e3o p\u00fablica&nbsp;federal, 28% s\u00e3o destinadas a profissionais da&nbsp;educa\u00e7\u00e3o p\u00fablica estadual e 12%&nbsp; s\u00e3o destinadas a&nbsp;profissionais da educa\u00e7\u00e3o p\u00fablica municipal.<\/p>\n\n\n\n<p>Podem se inscrever graduados em Licenciatura,&nbsp;Bacharelado ou Tecn\u00f3logo e Profissionais da&nbsp;educa\u00e7\u00e3o p\u00fablica&nbsp; federal, estadual e municipal, no&nbsp;caso, professores, tutores, instrutores ou gestores (secret\u00e1rios, gerentes, diretores,&nbsp; pr\u00f3-reitores,&nbsp;diretores de ensino, coordenadores de cursos, pedagogos e t\u00e9cnicos em assuntos educacionais).<\/p>\n\n\n\n<p><strong>Inscri\u00e7\u00f5es para especializa\u00e7\u00e3o gratuita a&nbsp;dist\u00e2ncia<\/strong><\/p>\n\n\n\n<p>As inscri\u00e7\u00f5es come\u00e7aram no dia 01 de fevereiro e seguem at\u00e9 o pr\u00f3ximo dia 12, at\u00e9 \u00e0s 17 horas (hor\u00e1rio local), pelo site http:\/\/processoseletivo.ifrn.edu.br. A especializa\u00e7\u00e3o \u00e9 gratuita, mas o processo seletivo tem uma taxa de R$30,00, que poder\u00e1 ser paga at\u00e9 o dia 13 de fevereiro de 2019.<\/p>\n\n\n\n<p>Caso tenha alguma d\u00favida no preenchimento da inscri\u00e7\u00e3o, o candidato poder\u00e1 ver o tutorial&nbsp;dispon\u00edvel em:&nbsp;<a href=\"http:\/\/portal.ifrn.edu.br\/campus\/reitoria\/processos-seletivos\">http:\/\/portal.ifrn.edu.br\/campus\/reitoria\/processos-seletivos<\/a>&nbsp;. A sele\u00e7\u00e3o ser\u00e1 baseada em an\u00e1lise de t\u00edtulos e o resultado preliminar ser\u00e1 divulgado no dia 20 de&nbsp;fevereiro.<\/p>\n\n\n\n<p>Quem conquistar a vaga dever\u00e1 se matricular no p\u00f3lo para o qual est\u00e1 inscrito, entre os dias 27 e 28&nbsp;de fevereiro ou&nbsp; 01 de mar\u00e7o de 2019.<\/p>\n\n\n\n<p>Os polos s\u00e3o nas seguintes cidades: Dourados\/MS; Ipor\u00e1\/GO; Goi\u00e2nia\/GO; S\u00e3o Luiz\/MA;&nbsp;Salvador\/BA;&nbsp;<strong>Monteiro\/PB<\/strong>; Jo\u00e3o Pessoa\/PB; Cajazeiras\/PB; Aracaj\u00fa\/SE; T Mon eresina\/PI; Floriano\/PI;&nbsp;Bom Jesus\/PI;&nbsp; Recife\/PE; Natal\/RN; Mossor\u00f3\/RN; Porto Velho\/RO; Manaus\/AM; Bel\u00e9m\/PA;&nbsp;Aragua\u00edna\/TO; Jundia\u00ed\/SP; Rio&nbsp; Pomba\/MG; Tr\u00eas Cora\u00e7\u00f5es\/MG; Uberaba\/MG; Vit\u00f3ria\/ES; Niter\u00f3i\/RJ;&nbsp;Porto Alegre\/RS; Pelotas\/RS; Santa Maria\/RS; Curitiba\/PR.<\/p>\n\n\n\n<p>Mais informa\u00e7\u00f5es sobre a especializa\u00e7\u00e3o gratuita a dist\u00e2ncia 2019 do Minist\u00e9rio da Educa\u00e7\u00e3o&nbsp;poder\u00e3o ser obtidas no edital, dispon\u00edvel em:&nbsp;<a href=\"https:\/\/ead.ifrn.edu.br\/portal\/wpcontent\/uploads\/2019\/01\/Edital_01_-2019_Curso-Superior-de-Pos-Graduacao_-Especializacao-emPROEJA-EAD-Vagas-remanescente-do-Edital-35_2018-Retificado-01.pdf\">https:\/\/ead.ifrn.edu.br\/portal\/wpcontent\/uploads\/2019\/01\/Edital_01_-2019_Curso-Superior-de-Pos-Graduacao_-Especializacao-emPROEJA-EAD-Vagas-remanescente-do-Edital-35_2018-Retificado-01.pdf<\/a><\/p>\n","protected":false},"excerpt":{"rendered":"<p>Est\u00e3o abertas a inscri\u00e7\u00f5es para a especializa\u00e7\u00e3o&nbsp;gratuita a dist\u00e2ncia em Pr\u00e1ticas Assertivas da&nbsp;Educa\u00e7\u00e3o Profissional&nbsp; Integrada \u00e0 Educa\u00e7\u00e3o de&nbsp;Jovens e Adultos (p\u00f3s-gradua\u00e7\u00e3o lato sensu)&nbsp;oferecida pelo Minist\u00e9rio&hellip; <\/p>\n","protected":false},"author":1,"featured_media":68679,"comment_status":"closed","ping_status":"closed","sticky":false,"template":"","format":"standard","meta":{"sfsi_plus_gutenberg_text_before_share":"","sfsi_plus_gutenberg_show_text_before_share":"","sfsi_plus_gutenberg_icon_type":"","sfsi_plus_gutenberg_icon_alignemt":"","sfsi_plus_gutenburg_max_per_row":"","footnotes":""},"categories":[14],"tags":[],"class_list":["post-83194","post","type-post","status-publish","format-standard","has-post-thumbnail","hentry","category-educacao"],"_links":{"self":[{"href":"https:\/\/www.caririemacao.com\/1\/wp-json\/wp\/v2\/posts\/83194","targetHints":{"allow":["GET"]}}],"collection":[{"href":"https:\/\/www.caririemacao.com\/1\/wp-json\/wp\/v2\/posts"}],"about":[{"href":"https:\/\/www.caririemacao.com\/1\/wp-json\/wp\/v2\/types\/post"}],"author":[{"embeddable":true,"href":"https:\/\/www.caririemacao.com\/1\/wp-json\/wp\/v2\/users\/1"}],"replies":[{"embeddable":true,"href":"https:\/\/www.caririemacao.com\/1\/wp-json\/wp\/v2\/comments?post=83194"}],"version-history":[{"count":1,"href":"https:\/\/www.caririemacao.com\/1\/wp-json\/wp\/v2\/posts\/83194\/revisions"}],"predecessor-version":[{"id":83195,"href":"https:\/\/www.caririemacao.com\/1\/wp-json\/wp\/v2\/posts\/83194\/revisions\/83195"}],"wp:featuredmedia":[{"embeddable":true,"href":"https:\/\/www.caririemacao.com\/1\/wp-json\/wp\/v2\/media\/68679"}],"wp:attachment":[{"href":"https:\/\/www.caririemacao.com\/1\/wp-json\/wp\/v2\/media?parent=83194"}],"wp:term":[{"taxonomy":"category","embeddable":true,"href":"https:\/\/www.caririemacao.com\/1\/wp-json\/wp\/v2\/categories?post=83194"},{"taxonomy":"post_tag","embeddable":true,"href":"https:\/\/www.caririemacao.com\/1\/wp-json\/wp\/v2\/tags?post=83194"}],"curies":[{"name":"wp","href":"https:\/\/api.w.org\/{rel}","templated":true}]}}