{"id":83196,"date":"2019-02-04T08:34:44","date_gmt":"2019-02-04T11:34:44","guid":{"rendered":"http:\/\/www.caririemacao.com\/1\/?p=83196"},"modified":"2019-02-04T08:34:47","modified_gmt":"2019-02-04T11:34:47","slug":"isencoes-previdenciarias-chegarao-este-ano-a-r-54-bilhoes","status":"publish","type":"post","link":"https:\/\/www.caririemacao.com\/1\/2019\/02\/04\/isencoes-previdenciarias-chegarao-este-ano-a-r-54-bilhoes\/","title":{"rendered":"Isen\u00e7\u00f5es previdenci\u00e1rias chegar\u00e3o este ano a R$ 54 bilh\u00f5es"},"content":{"rendered":"\n<p>Em meio \u00e0s discuss\u00f5es para a redu\u00e7\u00e3o do d\u00e9ficit da Previd\u00eancia, o governo prev\u00ea ren\u00fancia de R$ 54,56 bilh\u00f5es em arrecada\u00e7\u00e3o de INSS em 2019, informa o jornal O Estado de S\u00e3o Paulo.<\/p>\n\n\n\n<p>Dadas a micro e pequenas empresas, entidades filantr\u00f3picas e exportadoras agr\u00edcolas, essas isen\u00e7\u00f5es, previstas em lei, foram de R$ 46,3 bilh\u00f5es em 2018, o equivalente a um quarto do rombo de R$ 195,2 bilh\u00f5es da Previd\u00eancia no ano passado, ainda conforme o jornal.<\/p>\n\n\n\n<figure class=\"wp-block-image\"><img decoding=\"async\" data-src=\"https:\/\/paraibaonline.com.br\/wp-content\/uploads\/2018\/07\/dinheiro3107.jpg\" alt=\"Foto: Ag\u00eancia Brasil\" class=\"wp-image-481732 lazyload\" src=\"data:image\/svg+xml;base64,PHN2ZyB3aWR0aD0iMSIgaGVpZ2h0PSIxIiB4bWxucz0iaHR0cDovL3d3dy53My5vcmcvMjAwMC9zdmciPjwvc3ZnPg==\" \/><\/figure>\n\n\n\n<p>Foto ilustrativa: Ag\u00eancia Brasil<\/p>\n\n\n\n<p>Em 2018, as empresas do Simples Nacional concentraram a maior parte das ren\u00fancias previdenci\u00e1rias: R$ 25,8 bilh\u00f5es. Entidades filantr\u00f3picas foram beneficiadas com R$ 11,1 bilh\u00f5es. Este grupo inclui hospitais e universidades privadas, que cobram pelos servi\u00e7os que prestam e s\u00e3o respons\u00e1veis pela maior parte da ren\u00fancia.<\/p>\n\n\n\n<p>*fonte: estadao<\/p>\n","protected":false},"excerpt":{"rendered":"<p>Em meio \u00e0s discuss\u00f5es para a redu\u00e7\u00e3o do d\u00e9ficit da Previd\u00eancia, o governo prev\u00ea ren\u00fancia de R$ 54,56 bilh\u00f5es em arrecada\u00e7\u00e3o de INSS em 2019,&hellip; <\/p>\n","protected":false},"author":1,"featured_media":39114,"comment_status":"closed","ping_status":"closed","sticky":false,"template":"","format":"standard","meta":{"sfsi_plus_gutenberg_text_before_share":"","sfsi_plus_gutenberg_show_text_before_share":"","sfsi_plus_gutenberg_icon_type":"","sfsi_plus_gutenberg_icon_alignemt":"","sfsi_plus_gutenburg_max_per_row":"","footnotes":""},"categories":[11],"tags":[],"class_list":["post-83196","post","type-post","status-publish","format-standard","has-post-thumbnail","hentry","category-politica"],"_links":{"self":[{"href":"https:\/\/www.caririemacao.com\/1\/wp-json\/wp\/v2\/posts\/83196","targetHints":{"allow":["GET"]}}],"collection":[{"href":"https:\/\/www.caririemacao.com\/1\/wp-json\/wp\/v2\/posts"}],"about":[{"href":"https:\/\/www.caririemacao.com\/1\/wp-json\/wp\/v2\/types\/post"}],"author":[{"embeddable":true,"href":"https:\/\/www.caririemacao.com\/1\/wp-json\/wp\/v2\/users\/1"}],"replies":[{"embeddable":true,"href":"https:\/\/www.caririemacao.com\/1\/wp-json\/wp\/v2\/comments?post=83196"}],"version-history":[{"count":1,"href":"https:\/\/www.caririemacao.com\/1\/wp-json\/wp\/v2\/posts\/83196\/revisions"}],"predecessor-version":[{"id":83197,"href":"https:\/\/www.caririemacao.com\/1\/wp-json\/wp\/v2\/posts\/83196\/revisions\/83197"}],"wp:featuredmedia":[{"embeddable":true,"href":"https:\/\/www.caririemacao.com\/1\/wp-json\/wp\/v2\/media\/39114"}],"wp:attachment":[{"href":"https:\/\/www.caririemacao.com\/1\/wp-json\/wp\/v2\/media?parent=83196"}],"wp:term":[{"taxonomy":"category","embeddable":true,"href":"https:\/\/www.caririemacao.com\/1\/wp-json\/wp\/v2\/categories?post=83196"},{"taxonomy":"post_tag","embeddable":true,"href":"https:\/\/www.caririemacao.com\/1\/wp-json\/wp\/v2\/tags?post=83196"}],"curies":[{"name":"wp","href":"https:\/\/api.w.org\/{rel}","templated":true}]}}