{"id":83198,"date":"2019-02-04T08:37:07","date_gmt":"2019-02-04T11:37:07","guid":{"rendered":"http:\/\/www.caririemacao.com\/1\/?p=83198"},"modified":"2019-02-04T08:37:11","modified_gmt":"2019-02-04T11:37:11","slug":"detran-pb-divulga-balanco-da-operacao-lei-seca-no-estado","status":"publish","type":"post","link":"https:\/\/www.caririemacao.com\/1\/2019\/02\/04\/detran-pb-divulga-balanco-da-operacao-lei-seca-no-estado\/","title":{"rendered":"Detran-PB divulga balan\u00e7o da Opera\u00e7\u00e3o Lei Seca no Estado"},"content":{"rendered":"\n<p>&nbsp;Departamento Estadual de Tr\u00e2nsito (Detran-PB), por meio da Opera\u00e7\u00e3o Lei Seca, notificou 63 motoristas por dirigir sob efeito de \u00e1lcool, durante o m\u00eas de janeiro. O balan\u00e7o foi divulgado na \u00faltima sexta-feira (1) pela Divis\u00e3o de Policiamento e Fiscaliza\u00e7\u00e3o do \u00f3rg\u00e3o.<\/p>\n\n\n\n<p>De acordo com o balan\u00e7o mensal, foram realizados 641 testes de baf\u00f4metro, que resultaram na apreens\u00e3o de 53 carteiras de habilita\u00e7\u00e3o (CNHs) e na remo\u00e7\u00e3o de 17 ve\u00edculos aos p\u00e1tios do \u00f3rg\u00e3o. A opera\u00e7\u00e3o ainda autuou 40 condutores em flagrante, pela pr\u00e1tica de outras infra\u00e7\u00f5es ao C\u00f3digo de Tr\u00e2nsito Brasileiro (CTB).<\/p>\n\n\n\n<p>De acordo com o coordenador da Opera\u00e7\u00e3o Lei Seca, major Edmilson Castro, as a\u00e7\u00f5es realizadas pela equipe visam coibir os abusos no tr\u00e2nsito praticados por motoristas que insistem em desobedecer \u00e0s leis de tr\u00e2nsito, especialmente no que se refere \u00e0 embriaguez ao volante.<\/p>\n\n\n\n<p>O C\u00f3digo de Tr\u00e2nsito Brasileiro (CTB) prev\u00ea que os condutores de ve\u00edculos flagrados dirigindo sob efeito de \u00e1lcool est\u00e3o sujeitos \u00e0 multa e podem responder a processo administrativo com o risco de ter a CNH suspensa por um per\u00edodo de um ano. Nos casos em que houver reincid\u00eancia, a multa e o per\u00edodo de cassa\u00e7\u00e3o da CNH ser\u00e3o dobrados.<\/p>\n\n\n\n<p>Secom\/PB <\/p>\n","protected":false},"excerpt":{"rendered":"<p>&nbsp;Departamento Estadual de Tr\u00e2nsito (Detran-PB), por meio da Opera\u00e7\u00e3o Lei Seca, notificou 63 motoristas por dirigir sob efeito de \u00e1lcool, durante o m\u00eas de janeiro.&hellip; <\/p>\n","protected":false},"author":1,"featured_media":83200,"comment_status":"closed","ping_status":"closed","sticky":false,"template":"","format":"standard","meta":{"sfsi_plus_gutenberg_text_before_share":"","sfsi_plus_gutenberg_show_text_before_share":"","sfsi_plus_gutenberg_icon_type":"","sfsi_plus_gutenberg_icon_alignemt":"","sfsi_plus_gutenburg_max_per_row":"","footnotes":""},"categories":[2],"tags":[],"class_list":["post-83198","post","type-post","status-publish","format-standard","has-post-thumbnail","hentry","category-geral"],"_links":{"self":[{"href":"https:\/\/www.caririemacao.com\/1\/wp-json\/wp\/v2\/posts\/83198","targetHints":{"allow":["GET"]}}],"collection":[{"href":"https:\/\/www.caririemacao.com\/1\/wp-json\/wp\/v2\/posts"}],"about":[{"href":"https:\/\/www.caririemacao.com\/1\/wp-json\/wp\/v2\/types\/post"}],"author":[{"embeddable":true,"href":"https:\/\/www.caririemacao.com\/1\/wp-json\/wp\/v2\/users\/1"}],"replies":[{"embeddable":true,"href":"https:\/\/www.caririemacao.com\/1\/wp-json\/wp\/v2\/comments?post=83198"}],"version-history":[{"count":1,"href":"https:\/\/www.caririemacao.com\/1\/wp-json\/wp\/v2\/posts\/83198\/revisions"}],"predecessor-version":[{"id":83201,"href":"https:\/\/www.caririemacao.com\/1\/wp-json\/wp\/v2\/posts\/83198\/revisions\/83201"}],"wp:featuredmedia":[{"embeddable":true,"href":"https:\/\/www.caririemacao.com\/1\/wp-json\/wp\/v2\/media\/83200"}],"wp:attachment":[{"href":"https:\/\/www.caririemacao.com\/1\/wp-json\/wp\/v2\/media?parent=83198"}],"wp:term":[{"taxonomy":"category","embeddable":true,"href":"https:\/\/www.caririemacao.com\/1\/wp-json\/wp\/v2\/categories?post=83198"},{"taxonomy":"post_tag","embeddable":true,"href":"https:\/\/www.caririemacao.com\/1\/wp-json\/wp\/v2\/tags?post=83198"}],"curies":[{"name":"wp","href":"https:\/\/api.w.org\/{rel}","templated":true}]}}