{"id":83203,"date":"2019-02-04T08:43:05","date_gmt":"2019-02-04T11:43:05","guid":{"rendered":"http:\/\/www.caririemacao.com\/1\/?p=83203"},"modified":"2019-02-04T08:43:08","modified_gmt":"2019-02-04T11:43:08","slug":"motorista-embriagado-causa-acidente-no-centro-de-sertania","status":"publish","type":"post","link":"https:\/\/www.caririemacao.com\/1\/2019\/02\/04\/motorista-embriagado-causa-acidente-no-centro-de-sertania\/","title":{"rendered":"Motorista embriagado causa acidente no centro de Sert\u00e2nia"},"content":{"rendered":"\n<p>De acordo com a Pol\u00edcia Militar, a guarni\u00e7\u00e3o foi solicitada para averiguar um acidente de tr\u00e2nsito tipo colis\u00e3o e que o motorista que provocou o acidente encontrava-se com sintomas de quem ingeriu bebida alco\u00f3lica. A condutora do outro ve\u00edculo sofreu uma les\u00e3o no olho&nbsp;direito.&nbsp;O motorista e a v\u00edtima n\u00e3o tiveram suas idades divulgadas.<\/p>\n\n\n\n<p>O homem foi conduzido at\u00e9 a delegacia local para as medidas legais necess\u00e1rias. O homem confirmou ter ingerido bebida alco\u00f3lica. Foi lavrado umTermo Circunstanciado de Ocorr\u00eancia (TCO) em desfavor do motorista causador do acidente.<\/p>\n\n\n\n<p>M\u00eddia em A\u00e7\u00e3o<\/p>\n","protected":false},"excerpt":{"rendered":"<p>De acordo com a Pol\u00edcia Militar, a guarni\u00e7\u00e3o foi solicitada para averiguar um acidente de tr\u00e2nsito tipo colis\u00e3o e que o motorista que provocou o&hellip; <\/p>\n","protected":false},"author":1,"featured_media":83204,"comment_status":"closed","ping_status":"closed","sticky":false,"template":"","format":"standard","meta":{"sfsi_plus_gutenberg_text_before_share":"","sfsi_plus_gutenberg_show_text_before_share":"","sfsi_plus_gutenberg_icon_type":"","sfsi_plus_gutenberg_icon_alignemt":"","sfsi_plus_gutenburg_max_per_row":"","footnotes":""},"categories":[12],"tags":[],"class_list":["post-83203","post","type-post","status-publish","format-standard","has-post-thumbnail","hentry","category-policia"],"_links":{"self":[{"href":"https:\/\/www.caririemacao.com\/1\/wp-json\/wp\/v2\/posts\/83203","targetHints":{"allow":["GET"]}}],"collection":[{"href":"https:\/\/www.caririemacao.com\/1\/wp-json\/wp\/v2\/posts"}],"about":[{"href":"https:\/\/www.caririemacao.com\/1\/wp-json\/wp\/v2\/types\/post"}],"author":[{"embeddable":true,"href":"https:\/\/www.caririemacao.com\/1\/wp-json\/wp\/v2\/users\/1"}],"replies":[{"embeddable":true,"href":"https:\/\/www.caririemacao.com\/1\/wp-json\/wp\/v2\/comments?post=83203"}],"version-history":[{"count":1,"href":"https:\/\/www.caririemacao.com\/1\/wp-json\/wp\/v2\/posts\/83203\/revisions"}],"predecessor-version":[{"id":83205,"href":"https:\/\/www.caririemacao.com\/1\/wp-json\/wp\/v2\/posts\/83203\/revisions\/83205"}],"wp:featuredmedia":[{"embeddable":true,"href":"https:\/\/www.caririemacao.com\/1\/wp-json\/wp\/v2\/media\/83204"}],"wp:attachment":[{"href":"https:\/\/www.caririemacao.com\/1\/wp-json\/wp\/v2\/media?parent=83203"}],"wp:term":[{"taxonomy":"category","embeddable":true,"href":"https:\/\/www.caririemacao.com\/1\/wp-json\/wp\/v2\/categories?post=83203"},{"taxonomy":"post_tag","embeddable":true,"href":"https:\/\/www.caririemacao.com\/1\/wp-json\/wp\/v2\/tags?post=83203"}],"curies":[{"name":"wp","href":"https:\/\/api.w.org\/{rel}","templated":true}]}}