{"id":83206,"date":"2019-02-04T08:44:17","date_gmt":"2019-02-04T11:44:17","guid":{"rendered":"http:\/\/www.caririemacao.com\/1\/?p=83206"},"modified":"2019-02-04T08:44:19","modified_gmt":"2019-02-04T11:44:19","slug":"correcao-justica-retifica-decisao-e-diz-que-waldson-nao-recebia-mensalao","status":"publish","type":"post","link":"https:\/\/www.caririemacao.com\/1\/2019\/02\/04\/correcao-justica-retifica-decisao-e-diz-que-waldson-nao-recebia-mensalao\/","title":{"rendered":"CORRE\u00c7\u00c3O: Justi\u00e7a retifica decis\u00e3o e diz que Waldson n\u00e3o recebia mensal\u00e3o"},"content":{"rendered":"\n<p>O desembargador Ricardo Vidal de Almeida, presidente da C\u00e2mara Criminal do Tribunal de Justi\u00e7a da Para\u00edba (TJPB), corrigiu o texto da decis\u00e3o proferida na \u00faltima sexta-feira (1\u00ba), que determinou pris\u00f5es e buscas e apreens\u00f5es contra agentes p\u00fablicos e funcion\u00e1rios da Cruz Vermelha Brasileira, filial Rio Grande do Sul (CVB).<\/p>\n\n\n\n<p>Um dos trechos, que tratava sobre o secret\u00e1rio de Planejamento e Gest\u00e3o, Waldson de Souza, afirmava, na primeira reda\u00e7\u00e3o, que ele recebia mensal\u00e3o de R$ 30 mil da organiza\u00e7\u00e3o social. O magistrado fez a retifica\u00e7\u00e3o afirmando que os valores eram pagos, na verdade, a Maur\u00edcio Neves, outro implicado pelo Minist\u00e9rio P\u00fablico da Para\u00edba.<\/p>\n\n\n\n<p><strong>Confira o texto retificado:<\/strong><\/p>\n\n\n\n<p>\u201cAo ser decretada ordem de busca e apreens\u00e3o por mim subscrita, em atendimento a judicioso requerimento do MPE, contendo volumoso e heterog\u00eaneo material, relativamente ao senhor Waldson Dias de Souza, ent\u00e3o secret\u00e1rio de sa\u00fade do Estado da Para\u00edba, constou, num dos par\u00e1grafos do edito, que o mencionado servidor recebia mesada mensal da CV no valor de R$ 30.000,00, o que se revela um equ\u00edvoco, pois esse valor \u00e9 referido como recebido pelo senhor MAUR\u00cdCIO NEVES, outro implicado nas acusa\u00e7\u00f5es do MPE, segundo elementos nos autos analisados. Entretanto, em nada \u00e9 alterado o contexto da necessidade da ordem de busca e apreens\u00e3o com essa retifica\u00e7\u00e3o, esclarecida e assumida, inclusive j\u00e1 realizada e determinada a inclus\u00e3o nos autos, ainda como express\u00e3o de asseguramento a todos os direitos e garantias fundamentais de quaisquer pessoas mencionadas, at\u00e9 porque \u00e9 este o papel de vigil\u00e2ncia do Poder Judici\u00e1rio, tamb\u00e9m, sendo respons\u00e1veis perante a lei os autores de quaisquer informa\u00e7\u00f5es contr\u00e1rias a este esclarecimento. Jo\u00e3o Pessoa, em 03 de fevereiro de 2019. Des. Ricardo Vital de Almeida.\u201d<\/p>\n\n\n\n<p>Maur\u00edcio Neves era o vice-presidente do Conselho de Administra\u00e7\u00e3o da Lifesa (Laborat\u00f3rio Industrial Farmac\u00eautico do Estado da Para\u00edba S\/A), quando a empresa foi adquirida pelo presidente da Cruz Vermelha, Daniel Gomes, por meio da empresa Troy SP Participa\u00e7\u00f5es. Nesta \u00e9poca, Waldson de Souza era presidente do Conselho, mas, ao contr\u00e1rio de Maur\u00edcio, n\u00e3o h\u00e1 informa\u00e7\u00e3o de recebimento de valores por ele.<\/p>\n\n\n\n<p>A segunda etapa da opera\u00e7\u00e3o Calv\u00e1rio foi desencadeada na \u00faltima sexta-feira (1\u00ba). Nela, foram cumpridos mandados de pris\u00e3o contra o ex-assessor da Secretaria de Administra\u00e7\u00e3o do Estado, Leandro Nunes Azevedo; o presidente da Cruz Vermelha Brasileira filial Rio Grande do Sul, Daniel Gomes da Silva, e a secret\u00e1ria particular dele, Michelle Louzada Cardoso. Foram cumpridos mandados de busca e apreens\u00e3o nas casas dos secret\u00e1rios Liv\u00e2nia Farias (Administra\u00e7\u00e3o) e Waldson de Souza (Planejamento e Gest\u00e3o), al\u00e9m da empres\u00e1ria Analuisa de Assis Ramalho Ara\u00fajo.<\/p>\n\n\n\n<p>Fonte: Blog do Suetoni<\/p>\n","protected":false},"excerpt":{"rendered":"<p>O desembargador Ricardo Vidal de Almeida, presidente da C\u00e2mara Criminal do Tribunal de Justi\u00e7a da Para\u00edba (TJPB), corrigiu o texto da decis\u00e3o proferida na \u00faltima&hellip; <\/p>\n","protected":false},"author":1,"featured_media":83207,"comment_status":"closed","ping_status":"closed","sticky":false,"template":"","format":"standard","meta":{"sfsi_plus_gutenberg_text_before_share":"","sfsi_plus_gutenberg_show_text_before_share":"","sfsi_plus_gutenberg_icon_type":"","sfsi_plus_gutenberg_icon_alignemt":"","sfsi_plus_gutenburg_max_per_row":"","footnotes":""},"categories":[2],"tags":[],"class_list":["post-83206","post","type-post","status-publish","format-standard","has-post-thumbnail","hentry","category-geral"],"_links":{"self":[{"href":"https:\/\/www.caririemacao.com\/1\/wp-json\/wp\/v2\/posts\/83206","targetHints":{"allow":["GET"]}}],"collection":[{"href":"https:\/\/www.caririemacao.com\/1\/wp-json\/wp\/v2\/posts"}],"about":[{"href":"https:\/\/www.caririemacao.com\/1\/wp-json\/wp\/v2\/types\/post"}],"author":[{"embeddable":true,"href":"https:\/\/www.caririemacao.com\/1\/wp-json\/wp\/v2\/users\/1"}],"replies":[{"embeddable":true,"href":"https:\/\/www.caririemacao.com\/1\/wp-json\/wp\/v2\/comments?post=83206"}],"version-history":[{"count":1,"href":"https:\/\/www.caririemacao.com\/1\/wp-json\/wp\/v2\/posts\/83206\/revisions"}],"predecessor-version":[{"id":83208,"href":"https:\/\/www.caririemacao.com\/1\/wp-json\/wp\/v2\/posts\/83206\/revisions\/83208"}],"wp:featuredmedia":[{"embeddable":true,"href":"https:\/\/www.caririemacao.com\/1\/wp-json\/wp\/v2\/media\/83207"}],"wp:attachment":[{"href":"https:\/\/www.caririemacao.com\/1\/wp-json\/wp\/v2\/media?parent=83206"}],"wp:term":[{"taxonomy":"category","embeddable":true,"href":"https:\/\/www.caririemacao.com\/1\/wp-json\/wp\/v2\/categories?post=83206"},{"taxonomy":"post_tag","embeddable":true,"href":"https:\/\/www.caririemacao.com\/1\/wp-json\/wp\/v2\/tags?post=83206"}],"curies":[{"name":"wp","href":"https:\/\/api.w.org\/{rel}","templated":true}]}}