{"id":83212,"date":"2019-02-04T08:48:28","date_gmt":"2019-02-04T11:48:28","guid":{"rendered":"http:\/\/www.caririemacao.com\/1\/?p=83212"},"modified":"2019-02-04T08:48:31","modified_gmt":"2019-02-04T11:48:31","slug":"crianca-e-baleada-por-adolescente-em-padaria-de-queimadas","status":"publish","type":"post","link":"https:\/\/www.caririemacao.com\/1\/2019\/02\/04\/crianca-e-baleada-por-adolescente-em-padaria-de-queimadas\/","title":{"rendered":"Crian\u00e7a \u00e9 baleada por adolescente em padaria de Queimadas"},"content":{"rendered":"\n<p>Uma crian\u00e7a de 11 anos foi baleada na tarde deste s\u00e1bado (2) em Campina Grande. De acordo com o Boletim de Ocorr\u00eancia feito pela m\u00e3e da v\u00edtima na Pol\u00edcia Civil de Queimadas, o menino estava pr\u00f3ximo a uma padaria no bairro do Ligeiro quando foi atingido por um disparo feito por um homem de 18 anos.<\/p>\n\n\n\n<p>\u201cEstamos apurando essa hist\u00f3ria pra entender se foi um tiro acidental ou uma tentativa de homic\u00eddio\u201d, informou o delegado da Seccional da Pol\u00edcia Civil de Queimadas, Iasley Almeida, respons\u00e1vel pelo caso.<\/p>\n\n\n\n<p>Segundo depoimento da m\u00e3e da crian\u00e7a \u00e0 pol\u00edcia, moradores informaram que o homem estava voltando de uma ca\u00e7a com uma espingarda na m\u00e3o quando a crian\u00e7a teria sido baleada. A mulher informou que n\u00e3o sabe se o tiro foi acidental ou intencional.<\/p>\n\n\n\n<p>A crian\u00e7a foi socorrida pelos moradores e levada para o Hospital de Emerg\u00eancia e Trauma de Campina Grande. Segundo o hospital, o menino deu entrada na unidade de sa\u00fade \u00e0s 14h16 com um tiro na perna.<\/p>\n\n\n\n<p>At\u00e9 as 20h30 (hor\u00e1rio local) deste s\u00e1bado (2) a pol\u00edcia havia informado que, segundo o hospital, a crian\u00e7a passava por cirurgia, mas n\u00e3o corria risco de morte. A Pol\u00edcia Civil investiga o caso.<\/p>\n\n\n\n<p>Fonte: G1<\/p>\n","protected":false},"excerpt":{"rendered":"<p>Uma crian\u00e7a de 11 anos foi baleada na tarde deste s\u00e1bado (2) em Campina Grande. De acordo com o Boletim de Ocorr\u00eancia feito pela m\u00e3e&hellip; <\/p>\n","protected":false},"author":1,"featured_media":42005,"comment_status":"closed","ping_status":"closed","sticky":false,"template":"","format":"standard","meta":{"sfsi_plus_gutenberg_text_before_share":"","sfsi_plus_gutenberg_show_text_before_share":"","sfsi_plus_gutenberg_icon_type":"","sfsi_plus_gutenberg_icon_alignemt":"","sfsi_plus_gutenburg_max_per_row":"","footnotes":""},"categories":[12],"tags":[],"class_list":["post-83212","post","type-post","status-publish","format-standard","has-post-thumbnail","hentry","category-policia"],"_links":{"self":[{"href":"https:\/\/www.caririemacao.com\/1\/wp-json\/wp\/v2\/posts\/83212","targetHints":{"allow":["GET"]}}],"collection":[{"href":"https:\/\/www.caririemacao.com\/1\/wp-json\/wp\/v2\/posts"}],"about":[{"href":"https:\/\/www.caririemacao.com\/1\/wp-json\/wp\/v2\/types\/post"}],"author":[{"embeddable":true,"href":"https:\/\/www.caririemacao.com\/1\/wp-json\/wp\/v2\/users\/1"}],"replies":[{"embeddable":true,"href":"https:\/\/www.caririemacao.com\/1\/wp-json\/wp\/v2\/comments?post=83212"}],"version-history":[{"count":1,"href":"https:\/\/www.caririemacao.com\/1\/wp-json\/wp\/v2\/posts\/83212\/revisions"}],"predecessor-version":[{"id":83213,"href":"https:\/\/www.caririemacao.com\/1\/wp-json\/wp\/v2\/posts\/83212\/revisions\/83213"}],"wp:featuredmedia":[{"embeddable":true,"href":"https:\/\/www.caririemacao.com\/1\/wp-json\/wp\/v2\/media\/42005"}],"wp:attachment":[{"href":"https:\/\/www.caririemacao.com\/1\/wp-json\/wp\/v2\/media?parent=83212"}],"wp:term":[{"taxonomy":"category","embeddable":true,"href":"https:\/\/www.caririemacao.com\/1\/wp-json\/wp\/v2\/categories?post=83212"},{"taxonomy":"post_tag","embeddable":true,"href":"https:\/\/www.caririemacao.com\/1\/wp-json\/wp\/v2\/tags?post=83212"}],"curies":[{"name":"wp","href":"https:\/\/api.w.org\/{rel}","templated":true}]}}