{"id":83217,"date":"2019-02-04T09:05:39","date_gmt":"2019-02-04T12:05:39","guid":{"rendered":"http:\/\/www.caririemacao.com\/1\/?p=83217"},"modified":"2019-02-04T09:05:41","modified_gmt":"2019-02-04T12:05:41","slug":"comecam-hoje-as-inscricoes-para-o-concurso-da-prefeitura-de-sao-jose-de-caiana","status":"publish","type":"post","link":"https:\/\/www.caririemacao.com\/1\/2019\/02\/04\/comecam-hoje-as-inscricoes-para-o-concurso-da-prefeitura-de-sao-jose-de-caiana\/","title":{"rendered":"Come\u00e7am hoje as inscri\u00e7\u00f5es para o concurso da Prefeitura de S\u00e3o Jos\u00e9 de Caiana"},"content":{"rendered":"\n<p>Come\u00e7am nesta segunda-feira (4), as inscri\u00e7\u00f5es para o concurso p\u00fablico da Prefeitura de S\u00e3o Jos\u00e9 de Caiana, cidade localizada no Vale do Pianc\u00f3. S\u00e3o oferecidas&nbsp;52 vagas para cargos nos n\u00edveis fundamental, m\u00e9dio e superior. Os sal\u00e1rios v\u00e3o desde R$ 998 at\u00e9 R$ 12 mil, sendo o mais alto para o cargo de m\u00e9dico com atua\u00e7\u00e3o em PSF.<\/p>\n\n\n\n<p><a href=\"https:\/\/www.clickpb.com.br\/media\/filer_public\/e9\/ef\/e9ef46ad-8e05-4342-8f83-56941789bb1f\/edital_de_concurso_publico_-republicado_por_incorrecao_-_sao_jose_de_caiana_-pb.pdf\">Confira o edital<\/a><\/p>\n\n\n\n<p>As inscri\u00e7\u00f5es para o certame poder\u00e3o ser feitas atrav\u00e9s do site da empresa organizadora, a&nbsp;<a href=\"http:\/\/www.funvapi.com.br\/concursos-em-andamentos.php\">Funda\u00e7\u00e3o Vale do Piau\u00ed<\/a>.&nbsp;<\/p>\n\n\n\n<p>O prazo para as inscri\u00e7\u00f5es segue at\u00e9 o dia 28 de fevereiro. As taxas de inscri\u00e7\u00e3o custam R$ 50 para n\u00edvel fundamental, R$ 70 para n\u00edvel m\u00e9dio e R$ 100 para n\u00edvel superior.<\/p>\n\n\n\n<p>A data de aplica\u00e7\u00e3o da prova j\u00e1 est\u00e1 marcada para o dia 31 de mar\u00e7o de 2019. O prazo de validade do concurso \u00e9 de dois anos a partir da data da homologa\u00e7\u00e3o podendo ser prorrogado pelo mesmo per\u00edodo.<\/p>\n","protected":false},"excerpt":{"rendered":"<p>Come\u00e7am nesta segunda-feira (4), as inscri\u00e7\u00f5es para o concurso p\u00fablico da Prefeitura de S\u00e3o Jos\u00e9 de Caiana, cidade localizada no Vale do Pianc\u00f3. S\u00e3o oferecidas&nbsp;52&hellip; <\/p>\n","protected":false},"author":1,"featured_media":83218,"comment_status":"closed","ping_status":"closed","sticky":false,"template":"","format":"standard","meta":{"sfsi_plus_gutenberg_text_before_share":"","sfsi_plus_gutenberg_show_text_before_share":"","sfsi_plus_gutenberg_icon_type":"","sfsi_plus_gutenberg_icon_alignemt":"","sfsi_plus_gutenburg_max_per_row":"","footnotes":""},"categories":[6],"tags":[],"class_list":["post-83217","post","type-post","status-publish","format-standard","has-post-thumbnail","hentry","category-cidades"],"_links":{"self":[{"href":"https:\/\/www.caririemacao.com\/1\/wp-json\/wp\/v2\/posts\/83217","targetHints":{"allow":["GET"]}}],"collection":[{"href":"https:\/\/www.caririemacao.com\/1\/wp-json\/wp\/v2\/posts"}],"about":[{"href":"https:\/\/www.caririemacao.com\/1\/wp-json\/wp\/v2\/types\/post"}],"author":[{"embeddable":true,"href":"https:\/\/www.caririemacao.com\/1\/wp-json\/wp\/v2\/users\/1"}],"replies":[{"embeddable":true,"href":"https:\/\/www.caririemacao.com\/1\/wp-json\/wp\/v2\/comments?post=83217"}],"version-history":[{"count":1,"href":"https:\/\/www.caririemacao.com\/1\/wp-json\/wp\/v2\/posts\/83217\/revisions"}],"predecessor-version":[{"id":83219,"href":"https:\/\/www.caririemacao.com\/1\/wp-json\/wp\/v2\/posts\/83217\/revisions\/83219"}],"wp:featuredmedia":[{"embeddable":true,"href":"https:\/\/www.caririemacao.com\/1\/wp-json\/wp\/v2\/media\/83218"}],"wp:attachment":[{"href":"https:\/\/www.caririemacao.com\/1\/wp-json\/wp\/v2\/media?parent=83217"}],"wp:term":[{"taxonomy":"category","embeddable":true,"href":"https:\/\/www.caririemacao.com\/1\/wp-json\/wp\/v2\/categories?post=83217"},{"taxonomy":"post_tag","embeddable":true,"href":"https:\/\/www.caririemacao.com\/1\/wp-json\/wp\/v2\/tags?post=83217"}],"curies":[{"name":"wp","href":"https:\/\/api.w.org\/{rel}","templated":true}]}}