{"id":83220,"date":"2019-02-04T09:08:09","date_gmt":"2019-02-04T12:08:09","guid":{"rendered":"http:\/\/www.caririemacao.com\/1\/?p=83220"},"modified":"2019-02-04T09:08:13","modified_gmt":"2019-02-04T12:08:13","slug":"morto-em-estrada-que-liga-sape-a-cruz-do-espirito-santo","status":"publish","type":"post","link":"https:\/\/www.caririemacao.com\/1\/2019\/02\/04\/morto-em-estrada-que-liga-sape-a-cruz-do-espirito-santo\/","title":{"rendered":"morto em estrada que liga Sap\u00e9 a Cruz do Esp\u00edrito Santo"},"content":{"rendered":"\n<p><br>Um homem foi encontrado morto na estrada que liga Sap\u00e9 a Cruz do Esp\u00edrito Santo. O corpo foi achado neste domingo (3).<\/p>\n\n\n\n<p>Jos\u00e9 Marcos C\u00e2ndido da Silva tinha marcas de perfura\u00e7\u00e3o por disparo de arma de fogo. Ele tinha passagens pela pol\u00edcia, segundo confirmou o delegado que atendeu a ocorr\u00eancia, conforme relato dos policiais militares que foram at\u00e9 o local.<\/p>\n","protected":false},"excerpt":{"rendered":"<p>Um homem foi encontrado morto na estrada que liga Sap\u00e9 a Cruz do Esp\u00edrito Santo. O corpo foi achado neste domingo (3). Jos\u00e9 Marcos C\u00e2ndido&hellip; <\/p>\n","protected":false},"author":1,"featured_media":83221,"comment_status":"closed","ping_status":"closed","sticky":false,"template":"","format":"standard","meta":{"sfsi_plus_gutenberg_text_before_share":"","sfsi_plus_gutenberg_show_text_before_share":"","sfsi_plus_gutenberg_icon_type":"","sfsi_plus_gutenberg_icon_alignemt":"","sfsi_plus_gutenburg_max_per_row":"","footnotes":""},"categories":[12],"tags":[],"class_list":["post-83220","post","type-post","status-publish","format-standard","has-post-thumbnail","hentry","category-policia"],"_links":{"self":[{"href":"https:\/\/www.caririemacao.com\/1\/wp-json\/wp\/v2\/posts\/83220","targetHints":{"allow":["GET"]}}],"collection":[{"href":"https:\/\/www.caririemacao.com\/1\/wp-json\/wp\/v2\/posts"}],"about":[{"href":"https:\/\/www.caririemacao.com\/1\/wp-json\/wp\/v2\/types\/post"}],"author":[{"embeddable":true,"href":"https:\/\/www.caririemacao.com\/1\/wp-json\/wp\/v2\/users\/1"}],"replies":[{"embeddable":true,"href":"https:\/\/www.caririemacao.com\/1\/wp-json\/wp\/v2\/comments?post=83220"}],"version-history":[{"count":1,"href":"https:\/\/www.caririemacao.com\/1\/wp-json\/wp\/v2\/posts\/83220\/revisions"}],"predecessor-version":[{"id":83222,"href":"https:\/\/www.caririemacao.com\/1\/wp-json\/wp\/v2\/posts\/83220\/revisions\/83222"}],"wp:featuredmedia":[{"embeddable":true,"href":"https:\/\/www.caririemacao.com\/1\/wp-json\/wp\/v2\/media\/83221"}],"wp:attachment":[{"href":"https:\/\/www.caririemacao.com\/1\/wp-json\/wp\/v2\/media?parent=83220"}],"wp:term":[{"taxonomy":"category","embeddable":true,"href":"https:\/\/www.caririemacao.com\/1\/wp-json\/wp\/v2\/categories?post=83220"},{"taxonomy":"post_tag","embeddable":true,"href":"https:\/\/www.caririemacao.com\/1\/wp-json\/wp\/v2\/tags?post=83220"}],"curies":[{"name":"wp","href":"https:\/\/api.w.org\/{rel}","templated":true}]}}