{"id":83226,"date":"2019-02-04T09:13:04","date_gmt":"2019-02-04T12:13:04","guid":{"rendered":"http:\/\/www.caririemacao.com\/1\/?p=83226"},"modified":"2019-02-04T09:13:07","modified_gmt":"2019-02-04T12:13:07","slug":"acidente-envolvendo-uma-caminhonete-deixa-cinco-pessoas-feridas-na-paraiba","status":"publish","type":"post","link":"https:\/\/www.caririemacao.com\/1\/2019\/02\/04\/acidente-envolvendo-uma-caminhonete-deixa-cinco-pessoas-feridas-na-paraiba\/","title":{"rendered":"Acidente envolvendo uma caminhonete deixa cinco pessoas feridas na Para\u00edba"},"content":{"rendered":"\n<p>O motorista de uma caminhonete perdeu o controle do ve\u00edculo e bateu em uma barreira neste domingo (3), na BR-230. Com a colis\u00e3o cinco pessoas ficaram feridas, entre elas uma crian\u00e7a.&nbsp;<\/p>\n\n\n\n<p>De acordo com informa\u00e7\u00f5es,&nbsp; a caminhonete seguia no sentido Jo\u00e3o Pessoa\/Campina Grande, para a cidade de Sum\u00e9, quando o motorista perdeu o controle ao fazer uma curva e colidiu contra uma barreira.&nbsp;<\/p>\n\n\n\n<p>O Samu e o Corpo de Bombeiros foram acionados. \u00c0s v\u00edtimas ficaram presas \u00e0s ferragens.&nbsp;<\/p>\n\n\n\n<p>N\u00e3o foi informado para onde as v\u00edtimas foram socorridas, nem o estado de sa\u00fade delas.&nbsp;<\/p>\n","protected":false},"excerpt":{"rendered":"<p>O motorista de uma caminhonete perdeu o controle do ve\u00edculo e bateu em uma barreira neste domingo (3), na BR-230. Com a colis\u00e3o cinco pessoas&hellip; <\/p>\n","protected":false},"author":1,"featured_media":83227,"comment_status":"closed","ping_status":"closed","sticky":false,"template":"","format":"standard","meta":{"sfsi_plus_gutenberg_text_before_share":"","sfsi_plus_gutenberg_show_text_before_share":"","sfsi_plus_gutenberg_icon_type":"","sfsi_plus_gutenberg_icon_alignemt":"","sfsi_plus_gutenburg_max_per_row":"","footnotes":""},"categories":[12],"tags":[],"class_list":["post-83226","post","type-post","status-publish","format-standard","has-post-thumbnail","hentry","category-policia"],"_links":{"self":[{"href":"https:\/\/www.caririemacao.com\/1\/wp-json\/wp\/v2\/posts\/83226","targetHints":{"allow":["GET"]}}],"collection":[{"href":"https:\/\/www.caririemacao.com\/1\/wp-json\/wp\/v2\/posts"}],"about":[{"href":"https:\/\/www.caririemacao.com\/1\/wp-json\/wp\/v2\/types\/post"}],"author":[{"embeddable":true,"href":"https:\/\/www.caririemacao.com\/1\/wp-json\/wp\/v2\/users\/1"}],"replies":[{"embeddable":true,"href":"https:\/\/www.caririemacao.com\/1\/wp-json\/wp\/v2\/comments?post=83226"}],"version-history":[{"count":1,"href":"https:\/\/www.caririemacao.com\/1\/wp-json\/wp\/v2\/posts\/83226\/revisions"}],"predecessor-version":[{"id":83228,"href":"https:\/\/www.caririemacao.com\/1\/wp-json\/wp\/v2\/posts\/83226\/revisions\/83228"}],"wp:featuredmedia":[{"embeddable":true,"href":"https:\/\/www.caririemacao.com\/1\/wp-json\/wp\/v2\/media\/83227"}],"wp:attachment":[{"href":"https:\/\/www.caririemacao.com\/1\/wp-json\/wp\/v2\/media?parent=83226"}],"wp:term":[{"taxonomy":"category","embeddable":true,"href":"https:\/\/www.caririemacao.com\/1\/wp-json\/wp\/v2\/categories?post=83226"},{"taxonomy":"post_tag","embeddable":true,"href":"https:\/\/www.caririemacao.com\/1\/wp-json\/wp\/v2\/tags?post=83226"}],"curies":[{"name":"wp","href":"https:\/\/api.w.org\/{rel}","templated":true}]}}