{"id":83229,"date":"2019-02-04T10:15:30","date_gmt":"2019-02-04T13:15:30","guid":{"rendered":"http:\/\/www.caririemacao.com\/1\/?p=83229"},"modified":"2019-02-04T10:15:33","modified_gmt":"2019-02-04T13:15:33","slug":"veja-concursos-e-selecoes-com-editais-publicados-na-paraiba","status":"publish","type":"post","link":"https:\/\/www.caririemacao.com\/1\/2019\/02\/04\/veja-concursos-e-selecoes-com-editais-publicados-na-paraiba\/","title":{"rendered":"Veja concursos e sele\u00e7\u00f5es com editais publicados na Para\u00edba"},"content":{"rendered":"\n<p>Oito editais de concursos para prefeituras, para a UFPB e para o IFPB oferecem 494 vagas de emprego na Para\u00edba nesta semana de 3 a 10 de fevereiro.<\/p>\n\n\n\n<h2 class=\"wp-block-heading\"><a href=\"https:\/\/g1.globo.com\/pb\/paraiba\/noticia\/2019\/01\/11\/prorrogadas-inscricoes-no-concurso-da-prefeitura-de-sao-sebastiao-do-umbuzeiro-pb.ghtml\">Concurso da Prefeitura de S\u00e3o Sebasti\u00e3o do Umbuzeiro<\/a><\/h2>\n\n\n\n<ul class=\"wp-block-list\"><li><strong>Vagas:&nbsp;<\/strong>42<\/li><li><strong>N\u00edveis:<\/strong>&nbsp;fundamental, m\u00e9dio e t\u00e9cnico<\/li><li><strong>Sal\u00e1rios:&nbsp;<\/strong>R$ 954 a R$ 4.368<\/li><li><strong>Prazo de inscri\u00e7\u00e3o:&nbsp;<\/strong>at\u00e9 domingo (10)<\/li><li><strong>Local de inscri\u00e7\u00e3o:<\/strong>&nbsp;<a href=\"https:\/\/www.consulpam.com.br\/index.php?menu=concursos&amp;acao=ver&amp;id=154\" target=\"_blank\" rel=\"noreferrer noopener\">site da organizadora, Consulpam<\/a><\/li><li><strong>Taxas de inscri\u00e7\u00e3o:<\/strong>&nbsp;R$ 70 (n\u00edvel fundamental), R$ 75 (n\u00edvel m\u00e9dio\/t\u00e9cnico) e R$ 100 (n\u00edvel superior)<\/li><li><strong>Provas:&nbsp;<\/strong>31 de mar\u00e7o<\/li><li><a href=\"https:\/\/www.consulpam.com.br\/arquivos\/20181210_085409_Edital-S%C3%83O%20SEBASTI%C3%83O%20DO%20UMBUZEIRO.pdf\" target=\"_blank\" rel=\"noreferrer noopener\">Edital do concurso da Prefeitura de S\u00e3o Sebasti\u00e3o do Umbuzeiro<\/a><\/li><\/ul>\n\n\n\n<h2 class=\"wp-block-heading\"><a href=\"https:\/\/g1.globo.com\/pb\/paraiba\/noticia\/2018\/12\/31\/divulgado-edital-de-concurso-da-ufpb-para-tecnico-administrativos-com-127-vagas.ghtml\">Concurso da UFPB para t\u00e9cnico-administrativo<\/a><\/h2>\n\n\n\n<ul class=\"wp-block-list\"><li><strong>Vagas:<\/strong>&nbsp;131<\/li><li><strong>N\u00edveis:&nbsp;<\/strong>m\u00e9dio, m\u00e9dio e t\u00e9cnico e superior<\/li><li><strong>Sal\u00e1rios:&nbsp;<\/strong>R$ 1.945,06 a R$ 4.180,66 mais aux\u00edlio<\/li><li><strong>Prazo de inscri\u00e7\u00e3o:<\/strong>&nbsp;at\u00e9 25 de fevereiro<\/li><li><strong>Local de inscri\u00e7\u00e3o:<\/strong>&nbsp;<a href=\"http:\/\/www.institutoaocp.org.br\/\" target=\"_blank\" rel=\"noreferrer noopener\">site da organizadora, Instituto AOCP<\/a><\/li><li><strong>Taxas de inscri\u00e7\u00e3o:<\/strong>&nbsp;R$ 45 (n\u00edvel intermedi\u00e1rio), R$ 60 (n\u00edvel m\u00e9dio) e R$ 85 (n\u00edvel superior)<\/li><li><strong>Provas:&nbsp;<\/strong>7 de abril de 2019<\/li><li><a href=\"http:\/\/www.in.gov.br\/materia\/-\/asset_publisher\/Kujrw0TZC2Mb\/content\/id\/57390371\" target=\"_blank\" rel=\"noreferrer noopener\">Edital do concurso para t\u00e9cnico-administrativo da UFPB<\/a><\/li><\/ul>\n\n\n\n<h2 class=\"wp-block-heading\"><a href=\"https:\/\/g1.globo.com\/pb\/paraiba\/noticia\/2019\/01\/12\/concurso-do-ifpb-para-tecnico-administrativos-tem-mudancas-no-cronograma-e-edital-e-retificado.ghtml\">Concurso do IFPB para t\u00e9cnico-administrativo<\/a><\/h2>\n\n\n\n<ul class=\"wp-block-list\"><li><strong>Vagas:<\/strong>&nbsp;36<\/li><li><strong>N\u00edveis:&nbsp;<\/strong>m\u00e9dio; m\u00e9dio e t\u00e9cnico\/ e superior<\/li><li><strong>Sal\u00e1rios:&nbsp;<\/strong>de R$ 1.945,07 a R$ 4.180,66<\/li><li><strong>Prazo de inscri\u00e7\u00e3o:&nbsp;<\/strong>at\u00e9 25 de fevereiro<\/li><li><strong>Local de inscri\u00e7\u00e3o:<\/strong>&nbsp;<a href=\"http:\/\/www.ifpb.edu.br\/concursopublico\/tecnico-administrativo\/vigentes\" target=\"_blank\" rel=\"noreferrer noopener\">p\u00e1gina do IFPB na internet<\/a><\/li><li><strong>Taxas de inscri\u00e7\u00e3o:&nbsp;<\/strong>R$ 100 (n\u00edvel m\u00e9dio) R$ 130 (m\u00e9dio e t\u00e9cnico) e R$ 150 (superior)<\/li><li><strong>Provas:&nbsp;<\/strong>31 de mar\u00e7o de 2019<\/li><li><a href=\"http:\/\/www.ifpb.edu.br\/concursopublico\/tecnico-administrativo\/vigentes\/edital-147-2018-concurso-publico-tecnico-administrativo\/edital-tecnico_administrativo-147-2019-retificado-pelo-edital-01-2019.pdf\" target=\"_blank\" rel=\"noreferrer noopener\">Edital do concurso para t\u00e9cnico-administrativo do IFPB<\/a><\/li><\/ul>\n\n\n\n<h2 class=\"wp-block-heading\"><a href=\"https:\/\/g1.globo.com\/pb\/paraiba\/noticia\/2018\/12\/31\/divulgados-editais-para-concursos-publicos-do-ifpb-com-128-vagas-e-salarios-de-ate-r-9-mil.ghtml\">Concurso do IFPB para t\u00e9cnico-administrativos (tradutor e int\u00e9rprete)<\/a><\/h2>\n\n\n\n<ul class=\"wp-block-list\"><li><strong>Vagas:&nbsp;<\/strong>2<\/li><li><strong>N\u00edvel:&nbsp;<\/strong>m\u00e9dio completo e profici\u00eancia em libras<\/li><li><strong>Sal\u00e1rio:<\/strong>&nbsp;R$ 2.446,96<\/li><li><strong>Prazo de inscri\u00e7\u00e3o:<\/strong>&nbsp;at\u00e9 25 de fevereiro<\/li><li><strong>Local de inscri\u00e7\u00e3o:<\/strong>&nbsp;<a href=\"http:\/\/www.ifpb.edu.br\/concursopublico\/tecnico-administrativo\/vigentes\" target=\"_blank\" rel=\"noreferrer noopener\">p\u00e1gina do IFPB na internet<\/a><\/li><li><strong>Taxas de inscri\u00e7\u00e3o:<\/strong>&nbsp;R$ 130<\/li><li><strong>Provas:<\/strong>&nbsp;14 de abril<\/li><li><a href=\"http:\/\/www.ifpb.edu.br\/concursopublico\/tecnico-administrativo\/vigentes\/edital-149-2018-concurso-publico-tradutor-e-inteprete\/edital-149_2018-tecnico_administrativo-tradutor-e-interprete-de-libras.pdf\" target=\"_blank\" rel=\"noreferrer noopener\">Edital do concurso para t\u00e9cnico-administrativos (tradutor linguagem de sinais) do IFPB<\/a><\/li><\/ul>\n\n\n\n<h2 class=\"wp-block-heading\"><a href=\"https:\/\/g1.globo.com\/pb\/paraiba\/noticia\/2018\/12\/31\/divulgados-editais-para-concursos-publicos-do-ifpb-com-128-vagas-e-salarios-de-ate-r-9-mil.ghtml\">Concurso do IFPB para professores<\/a><\/h2>\n\n\n\n<ul class=\"wp-block-list\"><li><strong>Vagas:&nbsp;<\/strong>90<\/li><li><strong>N\u00edvel:&nbsp;<\/strong>superior<\/li><li><strong>Sal\u00e1rio:&nbsp;<\/strong>de R$ 4.892,44 a R$ 9.600,92<\/li><li><strong>Prazo de inscri\u00e7\u00e3o:<\/strong>&nbsp;6 de fevereiro a 7 de mar\u00e7o<\/li><li><strong>Local de inscri\u00e7\u00e3o:&nbsp;<\/strong><a href=\"http:\/\/www.ifpb.edu.br\/concursopublico\/professor\/vigentes\" target=\"_blank\" rel=\"noreferrer noopener\">p\u00e1gina do IFPB na internet<\/a><\/li><li><strong>Taxas de inscri\u00e7\u00e3o:&nbsp;<\/strong>R$ 150<\/li><li><strong>Provas:&nbsp;<\/strong>2 de junho<\/li><li><a href=\"http:\/\/www.ifpb.edu.br\/concursopublico\/professor\/vigentes\/edital-148-2018-concurso-publico-para-professor\/edital-148-2018-professor-efetivo-retificado.pdf\" target=\"_blank\" rel=\"noreferrer noopener\">Edital do concurso para professor do IFPB<\/a><\/li><\/ul>\n\n\n\n<h2 class=\"wp-block-heading\"><a href=\"https:\/\/g1.globo.com\/pb\/paraiba\/noticia\/2019\/01\/11\/divulgado-edital-e-abertas-inscricoes-em-concurso-da-prefeitura-de-lucena-pb.ghtml\">Concurso da Prefeitura de Lucena<\/a><\/h2>\n\n\n\n<ul class=\"wp-block-list\"><li><strong>Vagas:&nbsp;<\/strong>93<\/li><li><strong>N\u00edveis:&nbsp;<\/strong>fundamental, m\u00e9dio e t\u00e9cnico<\/li><li><strong>Sal\u00e1rios:&nbsp;<\/strong>R$ 998 a R$ 1.835,37<\/li><li><strong>Prazo de inscri\u00e7\u00e3o:<\/strong>&nbsp;at\u00e9 domingo (10)<\/li><li><strong>Local de inscri\u00e7\u00e3o:<\/strong>&nbsp;<a href=\"http:\/\/www.contemaxconsultoria.com.br\/site\/\" target=\"_blank\" rel=\"noreferrer noopener\">site da organizadora, Contemax Consultoria<\/a><\/li><li><strong>Taxas de inscri\u00e7\u00e3o:<\/strong>&nbsp;R$ 43 (fundamental), R$ 57 (m\u00e9dio), R$ 76 (superior)<\/li><li><strong>Provas:<\/strong>&nbsp;10 de mar\u00e7o<\/li><li><a href=\"http:\/\/www.contemaxconsultoria.com.br\/site\/wp-content\/uploads\/2019\/01\/EDITAL-E-REGULAMENTO.pdf\" target=\"_blank\" rel=\"noreferrer noopener\">Editais do concurso da Prefeitura de Lucena<\/a><\/li><\/ul>\n\n\n\n<h2 class=\"wp-block-heading\"><a href=\"https:\/\/g1.globo.com\/pb\/paraiba\/noticia\/2019\/01\/16\/abertas-inscricoes-no-concurso-da-prefeitura-de-pedra-branca-pb.ghtml\">Concurso da Prefeitura de Pedra Branca<\/a><\/h2>\n\n\n\n<ul class=\"wp-block-list\"><li><strong>Vagas:&nbsp;<\/strong>47<\/li><li><strong>N\u00edveis:&nbsp;<\/strong>fundamental, m\u00e9dio e t\u00e9cnico<\/li><li><strong>Sal\u00e1rios:<\/strong>&nbsp;R$ 998 a R$ 7.500<\/li><li><strong>Prazo de inscri\u00e7\u00e3o:<\/strong>&nbsp;at\u00e9 11 de fevereiro<\/li><li><strong>Local de inscri\u00e7\u00e3o:&nbsp;<\/strong><a href=\"https:\/\/www.consulpam.com.br\/index.php?menu=concursos&amp;acao=ver&amp;id=177\" target=\"_blank\" rel=\"noreferrer noopener\">site da organizadora, Consulpam<\/a><\/li><li><strong>Taxas de inscri\u00e7\u00e3o:<\/strong>&nbsp;R$ 60 (fundamental), R$ 90 (m\u00e9dio) e R$ 150 (superior)<\/li><li><strong>Provas:&nbsp;<\/strong>24 de mar\u00e7o<\/li><li><a href=\"https:\/\/www.consulpam.com.br\/arquivos\/20190115_131125_Edital-PEDRA%20BRANCA.pdf\" target=\"_blank\" rel=\"noreferrer noopener\">Edital do concurso da Prefeitura de Pedra Branca<\/a><\/li><\/ul>\n\n\n\n<h2 class=\"wp-block-heading\"><a href=\"https:\/\/g1.globo.com\/pb\/paraiba\/noticia\/2019\/01\/29\/concurso-da-prefeitura-de-sao-jose-de-caiana-pb-divulga-edital-com-53-vagas.ghtml\">Concurso da Prefeitura de S\u00e3o Jos\u00e9 de Caiana<\/a><\/h2>\n\n\n\n<ul class=\"wp-block-list\"><li><strong>Vagas:&nbsp;<\/strong>52, sendo 14 para pessoas com defici\u00eancia<\/li><li><strong>N\u00edveis:<\/strong>&nbsp;fundamental, m\u00e9dio e t\u00e9cnico<\/li><li><strong>Sal\u00e1rios:<\/strong>&nbsp;R$ 998 a R$ 12 mil<\/li><li><strong>Prazo de inscri\u00e7\u00e3o:&nbsp;<\/strong>4 a 28 de fevereiro<\/li><li><strong>Local de inscri\u00e7\u00e3o:<\/strong>&nbsp;<a href=\"http:\/\/www.funvapi.com.br\/\" target=\"_blank\" rel=\"noreferrer noopener\">site da organizadora, Funvapi<\/a><\/li><li><strong>Taxas de inscri\u00e7\u00e3o:<\/strong>&nbsp;R$ 50 (n\u00edvel fundamental), R$ 70 (m\u00e9dio\/t\u00e9cnico), R$ 100 (superior)<\/li><li><strong>Provas:&nbsp;<\/strong>31 de mar\u00e7o<\/li><li><a href=\"http:\/\/www.funvapi.com.br\/resources\/EDITAL%20DE%20CONCURSO%20P%C3%9ABLICO%20DA%20PREFEITURA%20MUNICIPAL%20DE%20S%C3%83O%20JOS%C3%89%20DE%20CAIANA%20-PB.pdf\" target=\"_blank\" rel=\"noreferrer noopener\">Edital do concurso da Prefeitura de S\u00e3o Jos\u00e9 de Caiana<\/a><\/li><\/ul>\n\n\n\n<p><em>com G1<\/em><\/p>\n","protected":false},"excerpt":{"rendered":"<p>Oito editais de concursos para prefeituras, para a UFPB e para o IFPB oferecem 494 vagas de emprego na Para\u00edba nesta semana de 3 a&hellip; <\/p>\n","protected":false},"author":1,"featured_media":75898,"comment_status":"closed","ping_status":"closed","sticky":false,"template":"","format":"standard","meta":{"sfsi_plus_gutenberg_text_before_share":"","sfsi_plus_gutenberg_show_text_before_share":"","sfsi_plus_gutenberg_icon_type":"","sfsi_plus_gutenberg_icon_alignemt":"","sfsi_plus_gutenburg_max_per_row":"","footnotes":""},"categories":[2],"tags":[],"class_list":["post-83229","post","type-post","status-publish","format-standard","has-post-thumbnail","hentry","category-geral"],"_links":{"self":[{"href":"https:\/\/www.caririemacao.com\/1\/wp-json\/wp\/v2\/posts\/83229","targetHints":{"allow":["GET"]}}],"collection":[{"href":"https:\/\/www.caririemacao.com\/1\/wp-json\/wp\/v2\/posts"}],"about":[{"href":"https:\/\/www.caririemacao.com\/1\/wp-json\/wp\/v2\/types\/post"}],"author":[{"embeddable":true,"href":"https:\/\/www.caririemacao.com\/1\/wp-json\/wp\/v2\/users\/1"}],"replies":[{"embeddable":true,"href":"https:\/\/www.caririemacao.com\/1\/wp-json\/wp\/v2\/comments?post=83229"}],"version-history":[{"count":1,"href":"https:\/\/www.caririemacao.com\/1\/wp-json\/wp\/v2\/posts\/83229\/revisions"}],"predecessor-version":[{"id":83230,"href":"https:\/\/www.caririemacao.com\/1\/wp-json\/wp\/v2\/posts\/83229\/revisions\/83230"}],"wp:featuredmedia":[{"embeddable":true,"href":"https:\/\/www.caririemacao.com\/1\/wp-json\/wp\/v2\/media\/75898"}],"wp:attachment":[{"href":"https:\/\/www.caririemacao.com\/1\/wp-json\/wp\/v2\/media?parent=83229"}],"wp:term":[{"taxonomy":"category","embeddable":true,"href":"https:\/\/www.caririemacao.com\/1\/wp-json\/wp\/v2\/categories?post=83229"},{"taxonomy":"post_tag","embeddable":true,"href":"https:\/\/www.caririemacao.com\/1\/wp-json\/wp\/v2\/tags?post=83229"}],"curies":[{"name":"wp","href":"https:\/\/api.w.org\/{rel}","templated":true}]}}