{"id":83232,"date":"2019-02-04T10:22:26","date_gmt":"2019-02-04T13:22:26","guid":{"rendered":"http:\/\/www.caririemacao.com\/1\/?p=83232"},"modified":"2019-02-04T10:22:29","modified_gmt":"2019-02-04T13:22:29","slug":"lei-anticrime-podera-criminalizar-caixa-2-tambem-em-ato-ja-praticado","status":"publish","type":"post","link":"https:\/\/www.caririemacao.com\/1\/2019\/02\/04\/lei-anticrime-podera-criminalizar-caixa-2-tambem-em-ato-ja-praticado\/","title":{"rendered":"Lei anticrime poder\u00e1 criminalizar caixa 2 tamb\u00e9m em ato j\u00e1 praticado"},"content":{"rendered":"\n<p>O projeto de lei anticrime que ser\u00e1 enviado Congresso Nacional nos pr\u00f3ximos dias dever\u00e1 incluir a proposta de criminaliza\u00e7\u00e3o da pr\u00e1tica de caixa 2, inclusive para atos j\u00e1 praticados. A informa\u00e7\u00e3o foi antecipada pelo presidente da Frente Parlamentar de Seguran\u00e7a P\u00fablica, deputado Capit\u00e3o Augusto (PR-SP), minutos depois de deixar a reuni\u00e3o em que o ministro da Justi\u00e7a e Seguran\u00e7a P\u00fablica Sergio Moro apresentou a proposta ao presidente da C\u00e2mara, Rodrigo Maia (DEM-RJ),&nbsp;<a href=\"http:\/\/agenciabrasil.ebc.com.br\/rodrigo-maia-e-reeleito-presidente-da-camara-dos-deputados\" target=\"_blank\" rel=\"noreferrer noopener\">reeleito na sexta-feira (1\u00ba)<\/a>.<\/p>\n\n\n\n<p>\u201cN\u00e3o teremos dificuldade de criminalizar daqui para frente. A grande quest\u00e3o \u00e9 criminalizar a\u00e7\u00f5es j\u00e1 ocorridas. Mas, provavelmente ele [Moro] ir\u00e1 incluir\u201d, afirmou.<\/p>\n\n\n\n<p>Depois de quase uma hora de conversas com Maia na resid\u00eancia oficial da C\u00e2mara, Moro&nbsp;<a href=\"http:\/\/agenciabrasil.ebc.com.br\/politica\/noticia\/2019-02\/moro-apresenta-governadores-e-secretarios-projeto-de-lei-anticrime\" target=\"_blank\" rel=\"noreferrer noopener\">re\u00fane-se com governadores e secret\u00e1rios de Seguran\u00e7a P\u00fablica<\/a>&nbsp;para apresentar o mesmo texto. H\u00e1 expectativa de que Moro detalhe publicamente a proposta em entrevista coletiva marcada para o meio-dia de hoje.<\/p>\n\n\n\n<p>Na pr\u00f3xima quarta-feira, o ministro se comprometeu a detalhar o texto para a frente liderada pelo Capit\u00e3o Augusto que \u00e9 formada por 299 deputados. Na conversa com o grupo que dever\u00e1 se debru\u00e7ar sobre o texto j\u00e1 nos primeiros dias de tramita\u00e7\u00e3o no Congresso, ficar\u00e3o claras as sugest\u00f5es de moderniza\u00e7\u00e3o de trechos do C\u00f3digo Penal, do C\u00f3digo de Processo Penal, Lei de Execu\u00e7\u00f5es Penais e emendas constitucionais.<\/p>\n\n\n\n<p>A ideia do governo \u00e9 tornar mais r\u00edgida a legisla\u00e7\u00e3o penal. Um ponto que ser\u00e1 inclu\u00eddo \u00e9 o que trata da chamada&nbsp;<em>plea bargain<\/em>&nbsp;que permite e incentiva o acordo, a negocia\u00e7\u00e3o, entre o acusado de um crime e o Minist\u00e9rio P\u00fablico.<\/p>\n\n\n\n<p>\u201cSou extremamente favor\u00e1vel e acredito que h\u00e1 chance de passar. As propostas s\u00e3o \u00f3timas. Acredito que n\u00e3o haver\u00e1 nenhuma dificuldade em ser aprovada na C\u00e2mara. Esses deputados foram eleitos e reeleitos sob a bandeira da seguran\u00e7a p\u00fablica\u201d, afirmou o parlamentar.<br><\/p>\n","protected":false},"excerpt":{"rendered":"<p>O projeto de lei anticrime que ser\u00e1 enviado Congresso Nacional nos pr\u00f3ximos dias dever\u00e1 incluir a proposta de criminaliza\u00e7\u00e3o da pr\u00e1tica de caixa 2, inclusive&hellip; <\/p>\n","protected":false},"author":1,"featured_media":83234,"comment_status":"closed","ping_status":"closed","sticky":false,"template":"","format":"standard","meta":{"sfsi_plus_gutenberg_text_before_share":"","sfsi_plus_gutenberg_show_text_before_share":"","sfsi_plus_gutenberg_icon_type":"","sfsi_plus_gutenberg_icon_alignemt":"","sfsi_plus_gutenburg_max_per_row":"","footnotes":""},"categories":[11],"tags":[],"class_list":["post-83232","post","type-post","status-publish","format-standard","has-post-thumbnail","hentry","category-politica"],"_links":{"self":[{"href":"https:\/\/www.caririemacao.com\/1\/wp-json\/wp\/v2\/posts\/83232","targetHints":{"allow":["GET"]}}],"collection":[{"href":"https:\/\/www.caririemacao.com\/1\/wp-json\/wp\/v2\/posts"}],"about":[{"href":"https:\/\/www.caririemacao.com\/1\/wp-json\/wp\/v2\/types\/post"}],"author":[{"embeddable":true,"href":"https:\/\/www.caririemacao.com\/1\/wp-json\/wp\/v2\/users\/1"}],"replies":[{"embeddable":true,"href":"https:\/\/www.caririemacao.com\/1\/wp-json\/wp\/v2\/comments?post=83232"}],"version-history":[{"count":1,"href":"https:\/\/www.caririemacao.com\/1\/wp-json\/wp\/v2\/posts\/83232\/revisions"}],"predecessor-version":[{"id":83235,"href":"https:\/\/www.caririemacao.com\/1\/wp-json\/wp\/v2\/posts\/83232\/revisions\/83235"}],"wp:featuredmedia":[{"embeddable":true,"href":"https:\/\/www.caririemacao.com\/1\/wp-json\/wp\/v2\/media\/83234"}],"wp:attachment":[{"href":"https:\/\/www.caririemacao.com\/1\/wp-json\/wp\/v2\/media?parent=83232"}],"wp:term":[{"taxonomy":"category","embeddable":true,"href":"https:\/\/www.caririemacao.com\/1\/wp-json\/wp\/v2\/categories?post=83232"},{"taxonomy":"post_tag","embeddable":true,"href":"https:\/\/www.caririemacao.com\/1\/wp-json\/wp\/v2\/tags?post=83232"}],"curies":[{"name":"wp","href":"https:\/\/api.w.org\/{rel}","templated":true}]}}