{"id":83236,"date":"2019-02-04T10:30:40","date_gmt":"2019-02-04T13:30:40","guid":{"rendered":"http:\/\/www.caririemacao.com\/1\/?p=83236"},"modified":"2019-02-04T10:30:42","modified_gmt":"2019-02-04T13:30:42","slug":"mensagem-de-bolsonaro-sera-lida-na-abertura-do-ano-legislativo","status":"publish","type":"post","link":"https:\/\/www.caririemacao.com\/1\/2019\/02\/04\/mensagem-de-bolsonaro-sera-lida-na-abertura-do-ano-legislativo\/","title":{"rendered":"Mensagem de Bolsonaro ser\u00e1 lida na abertura do ano legislativo"},"content":{"rendered":"\n<p>O ministro-chefe da Casa Civil, Onyx Lorenzoni, levar\u00e1 hoje (4) ao Congresso Nacional a<a href=\"http:\/\/agenciabrasil.ebc.com.br\/politica\/noticia\/2019-01\/em-mensagem-ao-congresso-bolsonaro-anunciara-reforma-da-previdencia\" target=\"_blank\" rel=\"noreferrer noopener\">&nbsp;mensagem do presidente Jair Bolsonaro<\/a>&nbsp;para a abertura dos trabalhos legislativos. A&nbsp;<a href=\"http:\/\/agenciabrasil.ebc.com.br\/politica\/noticia\/2019-02\/sessao-solene-marca-abertura-dos-trabalhos-legislativos\" target=\"_blank\" rel=\"noreferrer noopener\">sess\u00e3o solene<\/a>&nbsp;conjunta da C\u00e2mara e do Senado est\u00e1 marcada para as 15h. Ser\u00e1 a primeira sess\u00e3o do ano com os deputados federais e senadores rec\u00e9m-empossados.<\/p>\n\n\n\n<p>O texto re\u00fane as prioridades do governo federal. O porta-voz da Presid\u00eancia da Rep\u00fablica, Ot\u00e1vio do R\u00eago Barros, adiantou, na semana passada, que a mensagem do presidente deve reunir propostas de uma nova Previd\u00eancia Social e de combate ao crime organizado e \u00e0 corrup\u00e7\u00e3o, al\u00e9m da revis\u00e3o da lei de seguran\u00e7a de barragens.<\/p>\n\n\n\n<p>\u201cProporemos uma nova Previd\u00eancia, mais humana, mais justa, que n\u00e3o retire direitos e restabele\u00e7a o equil\u00edbrio fiscal, que garanta que nossos filhos e netos tenham um futuro assegurado\u201d, disse o porta-voz no \u00faltimo dia 31.<\/p>\n\n\n\n<p>A mensagem \u00e9 lida durante a sess\u00e3o solene na presen\u00e7a dos parlamentares e autoridades convidadas.<\/p>\n\n\n\n<p><strong>Atividades<\/strong><\/p>\n\n\n\n<p>A data de in\u00edcio do ano legislativo \u00e9 definida pela Constitui\u00e7\u00e3o Federal, que estabelece que seja em 2 de fevereiro. Por\u00e9m, como este ano caiu no s\u00e1bado, as atividades ficaram para o primeiro dia \u00fatil seguinte.<\/p>\n\n\n\n<p>A sess\u00e3o inaugural ser\u00e1 conduzida pelo rec\u00e9m-eleito presidente do Congresso,&nbsp;senador Davi Alcolumbre (DEM-AP). Reeleito para mais dois anos de mandato, o presidente da C\u00e2mara, Rodrigo Maia (DEM-RJ), tamb\u00e9m participa da solenidade.<\/p>\n\n\n\n<p><strong>Convidados<\/strong><\/p>\n\n\n\n<p>Participar\u00e3o da cerim\u00f4nia o vice-presidente da Rep\u00fablica, Hamilton Mour\u00e3o, e os ministros Carlos Alberto dos Santos Cruz (Secretaria de Governo), Sergio Moro (Justi\u00e7a e Seguran\u00e7a P\u00fablica), Gustavo Bebianno (Secretaria-Geral da Presid\u00eancia da Rep\u00fablica), general Fernando Azevedo (Defesa) e Bento Costa Lima (Minas e Energia).<\/p>\n\n\n\n<p>Al\u00e9m dos ministros, foram convidados o presidente do Supremo Tribunal Federal (STF), Dias Toffoli, e a procuradora-geral da Rep\u00fablica, Raquel Dodge.<\/p>\n","protected":false},"excerpt":{"rendered":"<p>O ministro-chefe da Casa Civil, Onyx Lorenzoni, levar\u00e1 hoje (4) ao Congresso Nacional a&nbsp;mensagem do presidente Jair Bolsonaro&nbsp;para a abertura dos trabalhos legislativos. A&nbsp;sess\u00e3o solene&nbsp;conjunta&hellip; <\/p>\n","protected":false},"author":1,"featured_media":83237,"comment_status":"closed","ping_status":"closed","sticky":false,"template":"","format":"standard","meta":{"sfsi_plus_gutenberg_text_before_share":"","sfsi_plus_gutenberg_show_text_before_share":"","sfsi_plus_gutenberg_icon_type":"","sfsi_plus_gutenberg_icon_alignemt":"","sfsi_plus_gutenburg_max_per_row":"","footnotes":""},"categories":[11],"tags":[],"class_list":["post-83236","post","type-post","status-publish","format-standard","has-post-thumbnail","hentry","category-politica"],"_links":{"self":[{"href":"https:\/\/www.caririemacao.com\/1\/wp-json\/wp\/v2\/posts\/83236","targetHints":{"allow":["GET"]}}],"collection":[{"href":"https:\/\/www.caririemacao.com\/1\/wp-json\/wp\/v2\/posts"}],"about":[{"href":"https:\/\/www.caririemacao.com\/1\/wp-json\/wp\/v2\/types\/post"}],"author":[{"embeddable":true,"href":"https:\/\/www.caririemacao.com\/1\/wp-json\/wp\/v2\/users\/1"}],"replies":[{"embeddable":true,"href":"https:\/\/www.caririemacao.com\/1\/wp-json\/wp\/v2\/comments?post=83236"}],"version-history":[{"count":1,"href":"https:\/\/www.caririemacao.com\/1\/wp-json\/wp\/v2\/posts\/83236\/revisions"}],"predecessor-version":[{"id":83238,"href":"https:\/\/www.caririemacao.com\/1\/wp-json\/wp\/v2\/posts\/83236\/revisions\/83238"}],"wp:featuredmedia":[{"embeddable":true,"href":"https:\/\/www.caririemacao.com\/1\/wp-json\/wp\/v2\/media\/83237"}],"wp:attachment":[{"href":"https:\/\/www.caririemacao.com\/1\/wp-json\/wp\/v2\/media?parent=83236"}],"wp:term":[{"taxonomy":"category","embeddable":true,"href":"https:\/\/www.caririemacao.com\/1\/wp-json\/wp\/v2\/categories?post=83236"},{"taxonomy":"post_tag","embeddable":true,"href":"https:\/\/www.caririemacao.com\/1\/wp-json\/wp\/v2\/tags?post=83236"}],"curies":[{"name":"wp","href":"https:\/\/api.w.org\/{rel}","templated":true}]}}