{"id":83239,"date":"2019-02-04T10:32:38","date_gmt":"2019-02-04T13:32:38","guid":{"rendered":"http:\/\/www.caririemacao.com\/1\/?p=83239"},"modified":"2019-02-04T10:32:39","modified_gmt":"2019-02-04T13:32:39","slug":"campanha-pretende-prevenir-a-gravidez-na-adolescencia","status":"publish","type":"post","link":"https:\/\/www.caririemacao.com\/1\/2019\/02\/04\/campanha-pretende-prevenir-a-gravidez-na-adolescencia\/","title":{"rendered":"Campanha pretende prevenir a gravidez na adolesc\u00eancia"},"content":{"rendered":"\n<p>Come\u00e7a nesta&nbsp;segunda-feira (4) uma s\u00e9rie de atividades educativas para prevenir a<strong>&nbsp;gravidez na adolesc\u00eancia<\/strong>.<\/p>\n\n\n\n<p>A campanha da&nbsp;<a href=\"http:\/\/www.sejus.df.gov.br\/\" target=\"_blank\" rel=\"noreferrer noopener\">Secretaria de Justi\u00e7a e Cidadania do DF (Sejus)<\/a>&nbsp;vai realizar a\u00e7\u00f5es de conscientiza\u00e7\u00e3o durante todo o m\u00eas&nbsp;de fevereiro&nbsp;para adolescentes atendidos nos centros de aten\u00e7\u00e3o \u00e0 crian\u00e7a e aos que cumprem medida socioeducativa.<\/p>\n\n\n\n<p>Membros do Comit\u00ea Consultivo dos Direitos da Crian\u00e7a e Adolescente do DF e Conselheiros Tutelares tamb\u00e9m s\u00e3o p\u00fablico-alvo da campanha.<\/p>\n\n\n\n<p>A programa\u00e7\u00e3o inclui debate, exibi\u00e7\u00e3o de filmes e a assinatura de uma&nbsp;<strong>carta compromisso<\/strong>&nbsp;com o plano continuado de preven\u00e7\u00e3o da gravidez na adolescencia apresentado pela Sejus.<\/p>\n\n\n\n<p>Levantamento realizado pela consultoria Macroplan, intitulado de&nbsp;\u00cdndice dos Desafios da Gest\u00e3o Estadual, aponta que o DF tem o menor \u00edndice de gravidez precoce do Pa\u00eds. Em 2016, 12% dos nascidos vivos na capital federal s\u00e3o filhos de mulheres de 10 a 19 anos.<\/p>\n\n\n\n<p>A gravidez na adolesc\u00eancia \u00e9 3\u00aa causa de mortalidade juvenil, perdendo&nbsp;apenas para homic\u00eddios e acidentes no tr\u00e2nsito, segundo dados da&nbsp;<a href=\"https:\/\/www.who.int\/eportuguese\/countries\/bra\/pt\/\" target=\"_blank\" rel=\"noreferrer noopener\">Organiza\u00e7\u00e3o Mundial de Sa\u00fade<\/a>.<\/p>\n\n\n\n<p>O Governo do Distrito Federal destaca que a adolescente que engravida precocemente enfrenta situa\u00e7\u00e3o de risco, pois o corpo, em forma\u00e7\u00e3o, n\u00e3o est\u00e1 pronto para uma gesta\u00e7\u00e3o. O beb\u00ea pode nascer prematuro e, na maioria dos casos, h\u00e1 complica\u00e7\u00f5es na gravidez e no parto. Contribuem para a gravidez na adolesc\u00eancia fatores como a pobreza; a falta ou inadequa\u00e7\u00e3o de modelos de identifica\u00e7\u00e3o oferecidos pela sociedade, como um enaltecimento da mulher gr\u00e1vida.<\/p>\n\n\n\n<p><\/p>\n\n\n\n<p>EBC<\/p>\n","protected":false},"excerpt":{"rendered":"<p>Come\u00e7a nesta&nbsp;segunda-feira (4) uma s\u00e9rie de atividades educativas para prevenir a&nbsp;gravidez na adolesc\u00eancia. A campanha da&nbsp;Secretaria de Justi\u00e7a e Cidadania do DF (Sejus)&nbsp;vai realizar a\u00e7\u00f5es&hellip; <\/p>\n","protected":false},"author":1,"featured_media":23783,"comment_status":"closed","ping_status":"closed","sticky":false,"template":"","format":"standard","meta":{"sfsi_plus_gutenberg_text_before_share":"","sfsi_plus_gutenberg_show_text_before_share":"","sfsi_plus_gutenberg_icon_type":"","sfsi_plus_gutenberg_icon_alignemt":"","sfsi_plus_gutenburg_max_per_row":"","footnotes":""},"categories":[16],"tags":[],"class_list":["post-83239","post","type-post","status-publish","format-standard","has-post-thumbnail","hentry","category-saude"],"_links":{"self":[{"href":"https:\/\/www.caririemacao.com\/1\/wp-json\/wp\/v2\/posts\/83239","targetHints":{"allow":["GET"]}}],"collection":[{"href":"https:\/\/www.caririemacao.com\/1\/wp-json\/wp\/v2\/posts"}],"about":[{"href":"https:\/\/www.caririemacao.com\/1\/wp-json\/wp\/v2\/types\/post"}],"author":[{"embeddable":true,"href":"https:\/\/www.caririemacao.com\/1\/wp-json\/wp\/v2\/users\/1"}],"replies":[{"embeddable":true,"href":"https:\/\/www.caririemacao.com\/1\/wp-json\/wp\/v2\/comments?post=83239"}],"version-history":[{"count":1,"href":"https:\/\/www.caririemacao.com\/1\/wp-json\/wp\/v2\/posts\/83239\/revisions"}],"predecessor-version":[{"id":83240,"href":"https:\/\/www.caririemacao.com\/1\/wp-json\/wp\/v2\/posts\/83239\/revisions\/83240"}],"wp:featuredmedia":[{"embeddable":true,"href":"https:\/\/www.caririemacao.com\/1\/wp-json\/wp\/v2\/media\/23783"}],"wp:attachment":[{"href":"https:\/\/www.caririemacao.com\/1\/wp-json\/wp\/v2\/media?parent=83239"}],"wp:term":[{"taxonomy":"category","embeddable":true,"href":"https:\/\/www.caririemacao.com\/1\/wp-json\/wp\/v2\/categories?post=83239"},{"taxonomy":"post_tag","embeddable":true,"href":"https:\/\/www.caririemacao.com\/1\/wp-json\/wp\/v2\/tags?post=83239"}],"curies":[{"name":"wp","href":"https:\/\/api.w.org\/{rel}","templated":true}]}}