{"id":83241,"date":"2019-02-04T10:46:37","date_gmt":"2019-02-04T13:46:37","guid":{"rendered":"http:\/\/www.caririemacao.com\/1\/?p=83241"},"modified":"2019-02-04T10:46:41","modified_gmt":"2019-02-04T13:46:41","slug":"bolsonaro-indica-major-vitor-hugo-como-lider-do-governo-na-camara","status":"publish","type":"post","link":"https:\/\/www.caririemacao.com\/1\/2019\/02\/04\/bolsonaro-indica-major-vitor-hugo-como-lider-do-governo-na-camara\/","title":{"rendered":"Bolsonaro indica Major Vitor Hugo como l\u00edder do governo na C\u00e2mara"},"content":{"rendered":"\n<p>O presidente Jair Bolsonaro formalizou a indica\u00e7\u00e3o do deputado Major Vitor Hugo (PSL-GO) como l\u00edder do governo na C\u00e2mara. A indica\u00e7\u00e3o foi publicada na edi\u00e7\u00e3o de hoje (4) do Di\u00e1rio Oficial da Uni\u00e3o.<\/p>\n\n\n\n<p>A escolha de Major Vitor Hugo (PSL-GO), de 41 anos, havia sido anunciada por Bolsonaro em sua conta no Twitter no \u00faltimo dia 14.<\/p>\n\n\n\n<p>Na ocasi\u00e3o, o deputado tamb\u00e9m usou o Twitter para agradecer sua escolha para a lideran\u00e7a. \u201cFor\u00e7a, presidente. Vamos juntos construir uma nova rela\u00e7\u00e3o entre Executivo e Legislativo. O pa\u00eds precisa avan\u00e7ar nessa dire\u00e7\u00e3o. Discuss\u00f5es em torno de ideias, independ\u00eancia e harmonia. Muito obrigado pela confian\u00e7a.\u201d<\/p>\n\n\n\n<p>A lideran\u00e7a do governo tem como atribui\u00e7\u00e3o representar os interesses do Poder Executivo dentro de cada Casa Legislativa para a vota\u00e7\u00e3o de projetos do Pal\u00e1cio do Planalto.<\/p>\n\n\n\n<p>A bancada do PSL j\u00e1 conta com 54 parlamentares, dos quais 52 foram eleitos em 2018 e dois j\u00e1 anunciaram a migra\u00e7\u00e3o: Bia Kicis (eleita pelo PRP-DF) e Pastor Gildenemyr (eleito pelo PMN-MA). Apesar de confirmada pelo partido, a mudan\u00e7a, no entanto, ainda n\u00e3o foi oficializada \u00e0 C\u00e2mara dos Deputados. Com a entrada dos dois parlamentares, a bancada do PSL se iguala \u00e0 do Partido dos Trabalhadores, que elegeu 54 deputados. Os dois s\u00e3o os maiores partidos da Casa.<\/p>\n\n\n\n<p>Em sua biografia, o parlamentar aparece como major da reserva do Ex\u00e9rcito, consultor da C\u00e2mara dos Deputados na \u00e1rea de defesa nacional e seguran\u00e7a p\u00fablica. Menciona v\u00e1rios cursos na \u00e1rea militar, inclusive com passagens no Maneuver Center of Excellence, Ex\u00e9rcito dos Estados Unidos da Am\u00e9rica (Fort Benning, Ge\u00f3rgia, EUA).<\/p>\n\n\n\n<p>Na sua p\u00e1gina no Facebook, o Major Vitor Hugo \u00e9 descrito com \u201cparticular interesse no que diz respeito \u00e0 defesa nacional, ao direito p\u00fablico e \u00e0s rela\u00e7\u00f5es internacionais\u201d.<\/p>\n","protected":false},"excerpt":{"rendered":"<p>O presidente Jair Bolsonaro formalizou a indica\u00e7\u00e3o do deputado Major Vitor Hugo (PSL-GO) como l\u00edder do governo na C\u00e2mara. A indica\u00e7\u00e3o foi publicada na edi\u00e7\u00e3o&hellip; <\/p>\n","protected":false},"author":1,"featured_media":83242,"comment_status":"closed","ping_status":"closed","sticky":false,"template":"","format":"standard","meta":{"sfsi_plus_gutenberg_text_before_share":"","sfsi_plus_gutenberg_show_text_before_share":"","sfsi_plus_gutenberg_icon_type":"","sfsi_plus_gutenberg_icon_alignemt":"","sfsi_plus_gutenburg_max_per_row":"","footnotes":""},"categories":[11],"tags":[],"class_list":["post-83241","post","type-post","status-publish","format-standard","has-post-thumbnail","hentry","category-politica"],"_links":{"self":[{"href":"https:\/\/www.caririemacao.com\/1\/wp-json\/wp\/v2\/posts\/83241","targetHints":{"allow":["GET"]}}],"collection":[{"href":"https:\/\/www.caririemacao.com\/1\/wp-json\/wp\/v2\/posts"}],"about":[{"href":"https:\/\/www.caririemacao.com\/1\/wp-json\/wp\/v2\/types\/post"}],"author":[{"embeddable":true,"href":"https:\/\/www.caririemacao.com\/1\/wp-json\/wp\/v2\/users\/1"}],"replies":[{"embeddable":true,"href":"https:\/\/www.caririemacao.com\/1\/wp-json\/wp\/v2\/comments?post=83241"}],"version-history":[{"count":1,"href":"https:\/\/www.caririemacao.com\/1\/wp-json\/wp\/v2\/posts\/83241\/revisions"}],"predecessor-version":[{"id":83243,"href":"https:\/\/www.caririemacao.com\/1\/wp-json\/wp\/v2\/posts\/83241\/revisions\/83243"}],"wp:featuredmedia":[{"embeddable":true,"href":"https:\/\/www.caririemacao.com\/1\/wp-json\/wp\/v2\/media\/83242"}],"wp:attachment":[{"href":"https:\/\/www.caririemacao.com\/1\/wp-json\/wp\/v2\/media?parent=83241"}],"wp:term":[{"taxonomy":"category","embeddable":true,"href":"https:\/\/www.caririemacao.com\/1\/wp-json\/wp\/v2\/categories?post=83241"},{"taxonomy":"post_tag","embeddable":true,"href":"https:\/\/www.caririemacao.com\/1\/wp-json\/wp\/v2\/tags?post=83241"}],"curies":[{"name":"wp","href":"https:\/\/api.w.org\/{rel}","templated":true}]}}