{"id":83247,"date":"2019-02-04T10:50:10","date_gmt":"2019-02-04T13:50:10","guid":{"rendered":"http:\/\/www.caririemacao.com\/1\/?p=83247"},"modified":"2019-02-04T10:50:14","modified_gmt":"2019-02-04T13:50:14","slug":"joao-azevedo-participa-de-abertura-de-trabalhos-legislativos-nesta-segunda-feira","status":"publish","type":"post","link":"https:\/\/www.caririemacao.com\/1\/2019\/02\/04\/joao-azevedo-participa-de-abertura-de-trabalhos-legislativos-nesta-segunda-feira\/","title":{"rendered":"Jo\u00e3o Azev\u00eado participa de abertura de trabalhos legislativos nesta segunda-feira"},"content":{"rendered":"\n<p>O governador da Para\u00edba Jo\u00e3o Azev\u00eado (PSB) marcar\u00e1 presen\u00e7a no plen\u00e1rio da Casa de Epit\u00e1cio Pessoa, nesta segunda-feira (04) para participar da abertura dos trabalhos legislativos. Na&nbsp;ocasi\u00e3o o governador&nbsp;far\u00e1 a leitura da Mensagem do Executivo.&nbsp;A sess\u00e3o est\u00e1 prevista para come\u00e7ar \u00e0s 14h30.<\/p>\n\n\n\n<p>O an\u00fancio sobre a presen\u00e7a do governador Jo\u00e3o Azev\u00eado na&nbsp;Assembleia foi feito pelo presidente, o deputado Adriano Galdino na \u00faltima sexta-feira (1\u00ba).<\/p>\n\n\n\n<p>A presen\u00e7a do governador foi confirmada por sua assessoria.&nbsp;<br><\/p>\n","protected":false},"excerpt":{"rendered":"<p>O governador da Para\u00edba Jo\u00e3o Azev\u00eado (PSB) marcar\u00e1 presen\u00e7a no plen\u00e1rio da Casa de Epit\u00e1cio Pessoa, nesta segunda-feira (04) para participar da abertura dos trabalhos&hellip; <\/p>\n","protected":false},"author":1,"featured_media":83248,"comment_status":"closed","ping_status":"closed","sticky":false,"template":"","format":"standard","meta":{"sfsi_plus_gutenberg_text_before_share":"","sfsi_plus_gutenberg_show_text_before_share":"","sfsi_plus_gutenberg_icon_type":"","sfsi_plus_gutenberg_icon_alignemt":"","sfsi_plus_gutenburg_max_per_row":"","footnotes":""},"categories":[11],"tags":[],"class_list":["post-83247","post","type-post","status-publish","format-standard","has-post-thumbnail","hentry","category-politica"],"_links":{"self":[{"href":"https:\/\/www.caririemacao.com\/1\/wp-json\/wp\/v2\/posts\/83247","targetHints":{"allow":["GET"]}}],"collection":[{"href":"https:\/\/www.caririemacao.com\/1\/wp-json\/wp\/v2\/posts"}],"about":[{"href":"https:\/\/www.caririemacao.com\/1\/wp-json\/wp\/v2\/types\/post"}],"author":[{"embeddable":true,"href":"https:\/\/www.caririemacao.com\/1\/wp-json\/wp\/v2\/users\/1"}],"replies":[{"embeddable":true,"href":"https:\/\/www.caririemacao.com\/1\/wp-json\/wp\/v2\/comments?post=83247"}],"version-history":[{"count":1,"href":"https:\/\/www.caririemacao.com\/1\/wp-json\/wp\/v2\/posts\/83247\/revisions"}],"predecessor-version":[{"id":83249,"href":"https:\/\/www.caririemacao.com\/1\/wp-json\/wp\/v2\/posts\/83247\/revisions\/83249"}],"wp:featuredmedia":[{"embeddable":true,"href":"https:\/\/www.caririemacao.com\/1\/wp-json\/wp\/v2\/media\/83248"}],"wp:attachment":[{"href":"https:\/\/www.caririemacao.com\/1\/wp-json\/wp\/v2\/media?parent=83247"}],"wp:term":[{"taxonomy":"category","embeddable":true,"href":"https:\/\/www.caririemacao.com\/1\/wp-json\/wp\/v2\/categories?post=83247"},{"taxonomy":"post_tag","embeddable":true,"href":"https:\/\/www.caririemacao.com\/1\/wp-json\/wp\/v2\/tags?post=83247"}],"curies":[{"name":"wp","href":"https:\/\/api.w.org\/{rel}","templated":true}]}}