{"id":83254,"date":"2019-02-04T11:06:36","date_gmt":"2019-02-04T14:06:36","guid":{"rendered":"http:\/\/www.caririemacao.com\/1\/?p=83254"},"modified":"2019-02-04T11:06:39","modified_gmt":"2019-02-04T14:06:39","slug":"parte-da-estrada-que-liga-parari-a-santo-andre-cede-e-preocupa-moradores","status":"publish","type":"post","link":"https:\/\/www.caririemacao.com\/1\/2019\/02\/04\/parte-da-estrada-que-liga-parari-a-santo-andre-cede-e-preocupa-moradores\/","title":{"rendered":"Parte da estrada que liga Parari a Santo Andr\u00e9 cede e preocupa moradores"},"content":{"rendered":"\n<p>Internautas leitores do portal De Olho no Cariri enviaram \u00e0 reda\u00e7\u00e3o imagens preocupantes e que exigem uma provid\u00eancia urgente por parte do DER (Departamento de Estradas e Rodagens da Para\u00edba).<\/p>\n\n\n\n<p>Com as fortes chuvas ca\u00eddas na regi\u00e3o neste final de semana, parte da estrada cedeu e uma verdadeira cratera se formou por baixo do asfalto. A imagem \u00e9 muito parecida com a de outra pista, a que interliga Riacho de Santo Ant\u00f4nio a Barra de S\u00e3o Miguel, no Cariri Oriental, que cedeu no ano passado e uma pessoa morreu no buraco que foi formado.<\/p>\n\n\n\n<p>Moradores de Parari e Santo Andr\u00e9 est\u00e3o preocupados que o mesmo ocorra com sua principal rodovia de acesso e pedem provid\u00eancia urgente por parte do DER para sanar os danos causados na estrada.<\/p>\n\n\n\n<p><strong>De Olho no Cariri<\/strong><\/p>\n","protected":false},"excerpt":{"rendered":"<p>Internautas leitores do portal De Olho no Cariri enviaram \u00e0 reda\u00e7\u00e3o imagens preocupantes e que exigem uma provid\u00eancia urgente por parte do DER (Departamento de&hellip; <\/p>\n","protected":false},"author":1,"featured_media":83255,"comment_status":"closed","ping_status":"closed","sticky":false,"template":"","format":"standard","meta":{"sfsi_plus_gutenberg_text_before_share":"","sfsi_plus_gutenberg_show_text_before_share":"","sfsi_plus_gutenberg_icon_type":"","sfsi_plus_gutenberg_icon_alignemt":"","sfsi_plus_gutenburg_max_per_row":"","footnotes":""},"categories":[2],"tags":[],"class_list":["post-83254","post","type-post","status-publish","format-standard","has-post-thumbnail","hentry","category-geral"],"_links":{"self":[{"href":"https:\/\/www.caririemacao.com\/1\/wp-json\/wp\/v2\/posts\/83254","targetHints":{"allow":["GET"]}}],"collection":[{"href":"https:\/\/www.caririemacao.com\/1\/wp-json\/wp\/v2\/posts"}],"about":[{"href":"https:\/\/www.caririemacao.com\/1\/wp-json\/wp\/v2\/types\/post"}],"author":[{"embeddable":true,"href":"https:\/\/www.caririemacao.com\/1\/wp-json\/wp\/v2\/users\/1"}],"replies":[{"embeddable":true,"href":"https:\/\/www.caririemacao.com\/1\/wp-json\/wp\/v2\/comments?post=83254"}],"version-history":[{"count":1,"href":"https:\/\/www.caririemacao.com\/1\/wp-json\/wp\/v2\/posts\/83254\/revisions"}],"predecessor-version":[{"id":83256,"href":"https:\/\/www.caririemacao.com\/1\/wp-json\/wp\/v2\/posts\/83254\/revisions\/83256"}],"wp:featuredmedia":[{"embeddable":true,"href":"https:\/\/www.caririemacao.com\/1\/wp-json\/wp\/v2\/media\/83255"}],"wp:attachment":[{"href":"https:\/\/www.caririemacao.com\/1\/wp-json\/wp\/v2\/media?parent=83254"}],"wp:term":[{"taxonomy":"category","embeddable":true,"href":"https:\/\/www.caririemacao.com\/1\/wp-json\/wp\/v2\/categories?post=83254"},{"taxonomy":"post_tag","embeddable":true,"href":"https:\/\/www.caririemacao.com\/1\/wp-json\/wp\/v2\/tags?post=83254"}],"curies":[{"name":"wp","href":"https:\/\/api.w.org\/{rel}","templated":true}]}}