{"id":83257,"date":"2019-02-04T11:12:55","date_gmt":"2019-02-04T14:12:55","guid":{"rendered":"http:\/\/www.caririemacao.com\/1\/?p=83257"},"modified":"2019-02-04T11:12:58","modified_gmt":"2019-02-04T14:12:58","slug":"autor-de-foto-mais-curtida-do-instagram-revela-sua-identidade","status":"publish","type":"post","link":"https:\/\/www.caririemacao.com\/1\/2019\/02\/04\/autor-de-foto-mais-curtida-do-instagram-revela-sua-identidade\/","title":{"rendered":"Autor de foto mais curtida do Instagram revela sua identidade"},"content":{"rendered":"\n<p>Lembram da hist\u00f3ria da simples foto de um ovo vermelho (veja bem, a cor \u00e9 laranja, mas, a denomina\u00e7\u00e3o correta \u00e9 vermelho) que bateu o n\u00famero de curtidas do post mais apreciado da hist\u00f3ria do Instagram? Pois \u00e9, depois de vencer Kylie Jenner, que tinha 18,3 milh\u00f5es de \u201cjoinhas\u201d, o ovo superstar superou as 52 milh\u00f5es de curtidas e acumulou nada menos do que 10 milh\u00f5es de seguidores.<\/p>\n\n\n\n<p>Agora, o autor e seus ajudantes revelaram suas identidades e quais as raz\u00f5es por tr\u00e1s disso tudo e at\u00e9 uma campanha em prol da sa\u00fade mental que resultou dessa experi\u00eancia toda. O segredo acabou com uma mat\u00e9ria do The New York Times, neste domingo (03). Chris Godfrey, um publicit\u00e1rio de 29 anos que trabalha no The &amp; Partnership, em Londres, explicou o porqu\u00ea da imagem do ovo.<\/p>\n\n\n\n<p>\u201cUm ovo n\u00e3o tem g\u00eanero, ra\u00e7a ou religi\u00e3o. Um ovo \u00e9 um ovo, \u00e9 universal.\u201d<br>Segundo Godfrey, o que o levou a viralizar a imagem do ovo foi provar que \u201calgo t\u00e3o universal e simples poderia ser grande o suficiente para bater o recorde\u201d. Ent\u00e3o, ele teve ajuda de mais dois amigos, Khan-Whelan e C.J. Brown, que garantiram n\u00e3o usar de nenhuma t\u00e1tica especial ou recursos pagos para popularizar a imagem.<\/p>\n\n\n\n<p>Sua \u201caura misteriosa\u201d e a ades\u00e3o da massa jovem ao redor do globo teriam sido os grandes catalisadores do sucesso. De acordo com Godfrey, uma das coisas que ajudaram ainda mais a impulsionar o n\u00famero de curtidas foram as constantes interven\u00e7\u00f5es nos v\u00eddeos ef\u00eameros. Ou seja, toda vez que a&nbsp; conta do \u201cEugene\u201d, como foi batizado o ovo pelos pr\u00f3prios internautas, interagia com os usu\u00e1rios, mais ele ganhava seguidores e apreciadores.<\/p>\n\n\n\n<p>Mas por que se revelar agora? \u201cAchamos que j\u00e1 era a hora certa para isso\u201d, disse Khan-Whelan.<\/p>\n\n\n\n<p>Muita gente foi pega de surpresa ao notar que um dos milion\u00e1rios comerciais do Super Bowl explora justamente a popularidade do ovo para transmitir uma importante mensagem sobre sa\u00fade mental. Criada em parceria com o servi\u00e7o de streaming Hulu, o an\u00fancio diz como muitas vezes \u00e9 dif\u00edcil lidar com a press\u00e3o nas redes sociais.<\/p>\n\n\n\n<p>\u201cSe voc\u00ea estiver enfrentando isso, converse com algu\u00e9m\u201d, diz o texto, enquanto o ovo quebra, em uma bela met\u00e1fora sobre como podemos ser fr\u00e1geis nesses ambientes digitais.&nbsp;<\/p>\n\n\n\n<p>Quanto ao futuro de Eugene, Godfrey e seus amigos n\u00e3o t\u00eam ideia do que vai acontecer, apenas que ele chamou a aten\u00e7\u00e3o de todo mundo \u2014 e, no final, ainda resultou em uma boa a\u00e7\u00e3o.<\/p>\n","protected":false},"excerpt":{"rendered":"<p>Lembram da hist\u00f3ria da simples foto de um ovo vermelho (veja bem, a cor \u00e9 laranja, mas, a denomina\u00e7\u00e3o correta \u00e9 vermelho) que bateu o&hellip; <\/p>\n","protected":false},"author":1,"featured_media":83258,"comment_status":"closed","ping_status":"closed","sticky":false,"template":"","format":"standard","meta":{"sfsi_plus_gutenberg_text_before_share":"","sfsi_plus_gutenberg_show_text_before_share":"","sfsi_plus_gutenberg_icon_type":"","sfsi_plus_gutenberg_icon_alignemt":"","sfsi_plus_gutenburg_max_per_row":"","footnotes":""},"categories":[2],"tags":[],"class_list":["post-83257","post","type-post","status-publish","format-standard","has-post-thumbnail","hentry","category-geral"],"_links":{"self":[{"href":"https:\/\/www.caririemacao.com\/1\/wp-json\/wp\/v2\/posts\/83257","targetHints":{"allow":["GET"]}}],"collection":[{"href":"https:\/\/www.caririemacao.com\/1\/wp-json\/wp\/v2\/posts"}],"about":[{"href":"https:\/\/www.caririemacao.com\/1\/wp-json\/wp\/v2\/types\/post"}],"author":[{"embeddable":true,"href":"https:\/\/www.caririemacao.com\/1\/wp-json\/wp\/v2\/users\/1"}],"replies":[{"embeddable":true,"href":"https:\/\/www.caririemacao.com\/1\/wp-json\/wp\/v2\/comments?post=83257"}],"version-history":[{"count":1,"href":"https:\/\/www.caririemacao.com\/1\/wp-json\/wp\/v2\/posts\/83257\/revisions"}],"predecessor-version":[{"id":83259,"href":"https:\/\/www.caririemacao.com\/1\/wp-json\/wp\/v2\/posts\/83257\/revisions\/83259"}],"wp:featuredmedia":[{"embeddable":true,"href":"https:\/\/www.caririemacao.com\/1\/wp-json\/wp\/v2\/media\/83258"}],"wp:attachment":[{"href":"https:\/\/www.caririemacao.com\/1\/wp-json\/wp\/v2\/media?parent=83257"}],"wp:term":[{"taxonomy":"category","embeddable":true,"href":"https:\/\/www.caririemacao.com\/1\/wp-json\/wp\/v2\/categories?post=83257"},{"taxonomy":"post_tag","embeddable":true,"href":"https:\/\/www.caririemacao.com\/1\/wp-json\/wp\/v2\/tags?post=83257"}],"curies":[{"name":"wp","href":"https:\/\/api.w.org\/{rel}","templated":true}]}}