{"id":83260,"date":"2019-02-04T11:14:40","date_gmt":"2019-02-04T14:14:40","guid":{"rendered":"http:\/\/www.caririemacao.com\/1\/?p=83260"},"modified":"2019-02-04T11:14:42","modified_gmt":"2019-02-04T14:14:42","slug":"termina-hoje-cadastramento-dos-aprovados-na-primeira-chamada-do-sisu-para-universidades-da-pb","status":"publish","type":"post","link":"https:\/\/www.caririemacao.com\/1\/2019\/02\/04\/termina-hoje-cadastramento-dos-aprovados-na-primeira-chamada-do-sisu-para-universidades-da-pb\/","title":{"rendered":"Termina hoje cadastramento dos aprovados na primeira chamada do Sisu para universidades da PB"},"content":{"rendered":"\n<p>O&nbsp;cadastramento dos estudantes que foram aprovados na primeira chamada do Sisu 2019, para universidades da Para\u00edba, termina nesta segunda-feira (4). Os aprovados devem consultar o edital das institui\u00e7\u00f5es para saber o hor\u00e1rio do cadastramento.&nbsp;<\/p>\n\n\n\n<p>A Universidade Federal da Para\u00edba (UFPB) cadastra at\u00e9 o dia&nbsp;04 de fevereiro. Os aprovados na&nbsp;institui\u00e7\u00e3o devem&nbsp;<a href=\"http:\/\/www.prg.ufpb.br\/prg\/codesc\/processos-seletivos\/noticias\/sisu-1a-edicao-2019-1\/edital-de-cadastramento-sisu-2019-ufpb.pdf\">conferir o edital<\/a>&nbsp;para saber qual o dia e hor\u00e1rio do cadastramento do curso no qual foi aprovado.&nbsp;<\/p>\n\n\n\n<p>J\u00e1 os aprovados no Instituto Federal de Educa\u00e7\u00e3o, Ci\u00eancia e Tecnologia da Para\u00edba (IFPB) n\u00e3o t\u00eam hor\u00e1rio espec\u00edfico de acordo com o curso e podem ser&nbsp;<a href=\"https:\/\/estudante.ifpb.edu.br\/media\/Edital_PRE_n%C2%BA_02-2019_Matr%C3%ADculas_1%C2%AA_Etapa_SISU_2019.1.df.pdf\">conferidas no edital.<\/a><\/p>\n\n\n\n<p>O prazo de cadastramento&nbsp;para os aprovados na&nbsp;Universidade Estadual da Para\u00edba (UEPB) \u00e9 at\u00e9 o dia 4 de fevereiro na coordena\u00e7\u00e3o do curso&nbsp; das 8h \u00e0s 12h. A documenta\u00e7\u00e3o pode ser conferida&nbsp;<a href=\"http:\/\/www.uepb.edu.br\/download\/documentos\/documentos_2019\/SiSU-2019.1-Edital.pdf\">no edital da Institui\u00e7\u00e3o<\/a>.&nbsp;<\/p>\n\n\n\n<p>Os aprovados na Universidade Federal de Campina Grande (UFCG) podem se cadastrar na coordena\u00e7\u00e3o do curso no qual o aluno foi aprovado, das 8h \u00e0s 11h e das 14h \u00e0s 17h. Os documentos necess\u00e1rios podem ser conferidos no&nbsp;<a href=\"http:\/\/comprov.ufcg.edu.br\/files\/Vestibulares\/2019\/2019.1\/legislacao\/Edital%20PRE%20N%C2%BA%2065_%20SiSU%202019.1.pdf\">edital, no site da UFCG.<\/a><br><\/p>\n","protected":false},"excerpt":{"rendered":"<p>O&nbsp;cadastramento dos estudantes que foram aprovados na primeira chamada do Sisu 2019, para universidades da Para\u00edba, termina nesta segunda-feira (4). Os aprovados devem consultar o&hellip; <\/p>\n","protected":false},"author":1,"featured_media":49706,"comment_status":"closed","ping_status":"closed","sticky":false,"template":"","format":"standard","meta":{"sfsi_plus_gutenberg_text_before_share":"","sfsi_plus_gutenberg_show_text_before_share":"","sfsi_plus_gutenberg_icon_type":"","sfsi_plus_gutenberg_icon_alignemt":"","sfsi_plus_gutenburg_max_per_row":"","footnotes":""},"categories":[2],"tags":[],"class_list":["post-83260","post","type-post","status-publish","format-standard","has-post-thumbnail","hentry","category-geral"],"_links":{"self":[{"href":"https:\/\/www.caririemacao.com\/1\/wp-json\/wp\/v2\/posts\/83260","targetHints":{"allow":["GET"]}}],"collection":[{"href":"https:\/\/www.caririemacao.com\/1\/wp-json\/wp\/v2\/posts"}],"about":[{"href":"https:\/\/www.caririemacao.com\/1\/wp-json\/wp\/v2\/types\/post"}],"author":[{"embeddable":true,"href":"https:\/\/www.caririemacao.com\/1\/wp-json\/wp\/v2\/users\/1"}],"replies":[{"embeddable":true,"href":"https:\/\/www.caririemacao.com\/1\/wp-json\/wp\/v2\/comments?post=83260"}],"version-history":[{"count":1,"href":"https:\/\/www.caririemacao.com\/1\/wp-json\/wp\/v2\/posts\/83260\/revisions"}],"predecessor-version":[{"id":83261,"href":"https:\/\/www.caririemacao.com\/1\/wp-json\/wp\/v2\/posts\/83260\/revisions\/83261"}],"wp:featuredmedia":[{"embeddable":true,"href":"https:\/\/www.caririemacao.com\/1\/wp-json\/wp\/v2\/media\/49706"}],"wp:attachment":[{"href":"https:\/\/www.caririemacao.com\/1\/wp-json\/wp\/v2\/media?parent=83260"}],"wp:term":[{"taxonomy":"category","embeddable":true,"href":"https:\/\/www.caririemacao.com\/1\/wp-json\/wp\/v2\/categories?post=83260"},{"taxonomy":"post_tag","embeddable":true,"href":"https:\/\/www.caririemacao.com\/1\/wp-json\/wp\/v2\/tags?post=83260"}],"curies":[{"name":"wp","href":"https:\/\/api.w.org\/{rel}","templated":true}]}}