{"id":83269,"date":"2019-02-04T12:13:40","date_gmt":"2019-02-04T15:13:40","guid":{"rendered":"http:\/\/www.caririemacao.com\/1\/?p=83269"},"modified":"2019-02-04T12:13:43","modified_gmt":"2019-02-04T15:13:43","slug":"vazao-do-rio-sao-francisco-na-pb-e-suspensa-sem-pronunciamento-do-governo-federal","status":"publish","type":"post","link":"https:\/\/www.caririemacao.com\/1\/2019\/02\/04\/vazao-do-rio-sao-francisco-na-pb-e-suspensa-sem-pronunciamento-do-governo-federal\/","title":{"rendered":"Vaz\u00e3o do rio S\u00e3o Francisco na PB \u00e9 suspensa sem pronunciamento do governo federal"},"content":{"rendered":"\n<p><br>O presidente da Ag\u00eancia Executiva de Gest\u00e3o das \u00c1guas da Para\u00edba (Aesa), Porf\u00edrio Loureiro, falou sobre as chuvas registradas no Cariri do Estado e afirmou que a perspectiva \u00e9 de que as \u00e1guas cheguem ao a\u00e7ude Epit\u00e1cio Pessoa (Boqueir\u00e3o).<\/p>\n\n\n\n<figure class=\"wp-block-image\"><img decoding=\"async\" data-src=\"https:\/\/paraibaonline.com.br\/wp-content\/uploads\/2018\/07\/TRANSPOSICAO-2.jpg\" alt=\"\" class=\"wp-image-481595 lazyload\" src=\"data:image\/svg+xml;base64,PHN2ZyB3aWR0aD0iMSIgaGVpZ2h0PSIxIiB4bWxucz0iaHR0cDovL3d3dy53My5vcmcvMjAwMC9zdmciPjwvc3ZnPg==\" \/><\/figure>\n\n\n\n<p>Foto: Paraibaonline<\/p>\n\n\n\n<p>Em entrevista nesta segunda-feira, 4, Porf\u00edrio destacou que desde a \u00faltima sexta-feira, 1, a vaz\u00e3o do rio S\u00e3o Francisco no Eixo Leste, em Monteiro, est\u00e1 suspensa, e que o Minist\u00e9rio de Desenvolvimento Regional ainda n\u00e3o se pronunciou sobre o assunto.<\/p>\n\n\n\n<p>\u2013 Desde a sexta-feira que Monteiro n\u00e3o tem mais vaz\u00e3o para o rio Para\u00edba. Tentamos entrar em contato com o minist\u00e9rio, mas ainda n\u00e3o obtivemos resposta \u2013 explanou.<\/p>\n\n\n\n<p>Em rela\u00e7\u00e3o ao calend\u00e1rio de fiscaliza\u00e7\u00f5es das barragens no Estado, Porf\u00edrio afirmou que haver\u00e1 uma reuni\u00e3o com o Minist\u00e9rio P\u00fablico no pr\u00f3ximo dia 13 para definir quais delas que o \u00f3rg\u00e3o quer acompanhar nas vistorias, mas tranquilizou a popula\u00e7\u00e3o de que as barragens acompanhadas pela Aesa est\u00e3o sem risco e que o monitoramento \u00e9 cont\u00ednuo.<\/p>\n\n\n\n<p>*As declara\u00e7\u00f5es repercutiram na R\u00e1dio Correio FM<\/p>\n","protected":false},"excerpt":{"rendered":"<p>O presidente da Ag\u00eancia Executiva de Gest\u00e3o das \u00c1guas da Para\u00edba (Aesa), Porf\u00edrio Loureiro, falou sobre as chuvas registradas no Cariri do Estado e afirmou&hellip; <\/p>\n","protected":false},"author":1,"featured_media":83277,"comment_status":"closed","ping_status":"closed","sticky":false,"template":"","format":"standard","meta":{"sfsi_plus_gutenberg_text_before_share":"","sfsi_plus_gutenberg_show_text_before_share":"","sfsi_plus_gutenberg_icon_type":"","sfsi_plus_gutenberg_icon_alignemt":"","sfsi_plus_gutenburg_max_per_row":"","footnotes":""},"categories":[2],"tags":[],"class_list":["post-83269","post","type-post","status-publish","format-standard","has-post-thumbnail","hentry","category-geral"],"_links":{"self":[{"href":"https:\/\/www.caririemacao.com\/1\/wp-json\/wp\/v2\/posts\/83269","targetHints":{"allow":["GET"]}}],"collection":[{"href":"https:\/\/www.caririemacao.com\/1\/wp-json\/wp\/v2\/posts"}],"about":[{"href":"https:\/\/www.caririemacao.com\/1\/wp-json\/wp\/v2\/types\/post"}],"author":[{"embeddable":true,"href":"https:\/\/www.caririemacao.com\/1\/wp-json\/wp\/v2\/users\/1"}],"replies":[{"embeddable":true,"href":"https:\/\/www.caririemacao.com\/1\/wp-json\/wp\/v2\/comments?post=83269"}],"version-history":[{"count":1,"href":"https:\/\/www.caririemacao.com\/1\/wp-json\/wp\/v2\/posts\/83269\/revisions"}],"predecessor-version":[{"id":83278,"href":"https:\/\/www.caririemacao.com\/1\/wp-json\/wp\/v2\/posts\/83269\/revisions\/83278"}],"wp:featuredmedia":[{"embeddable":true,"href":"https:\/\/www.caririemacao.com\/1\/wp-json\/wp\/v2\/media\/83277"}],"wp:attachment":[{"href":"https:\/\/www.caririemacao.com\/1\/wp-json\/wp\/v2\/media?parent=83269"}],"wp:term":[{"taxonomy":"category","embeddable":true,"href":"https:\/\/www.caririemacao.com\/1\/wp-json\/wp\/v2\/categories?post=83269"},{"taxonomy":"post_tag","embeddable":true,"href":"https:\/\/www.caririemacao.com\/1\/wp-json\/wp\/v2\/tags?post=83269"}],"curies":[{"name":"wp","href":"https:\/\/api.w.org\/{rel}","templated":true}]}}