{"id":83279,"date":"2019-02-04T12:16:53","date_gmt":"2019-02-04T15:16:53","guid":{"rendered":"http:\/\/www.caririemacao.com\/1\/?p=83279"},"modified":"2019-02-04T12:16:57","modified_gmt":"2019-02-04T15:16:57","slug":"ministros-fazem-reuniao-para-debater-politicas-para-o-nordeste","status":"publish","type":"post","link":"https:\/\/www.caririemacao.com\/1\/2019\/02\/04\/ministros-fazem-reuniao-para-debater-politicas-para-o-nordeste\/","title":{"rendered":"Ministros fazem reuni\u00e3o para debater pol\u00edticas para o Nordeste"},"content":{"rendered":"\n<p><br>O ministro da Casa Civil, Onyx Lorenzoni, comanda na tarde de&nbsp;hoje&nbsp;(4) uma reuni\u00e3o interministerial no Pal\u00e1cio do Planalto. Na pauta est\u00e3o assuntos de interesse para a Regi\u00e3o Nordeste.<\/p>\n\n\n\n<p>Participam representantes dos minist\u00e9rios da Agricultura, Pecu\u00e1ria e Abastecimento; do Desenvolvimento Regional; da Ci\u00eancia, Tecnologia, Inova\u00e7\u00f5es e Comunica\u00e7\u00f5es; da Educa\u00e7\u00e3o; da Cidadania; e da Sa\u00fade.<\/p>\n\n\n\n<figure class=\"wp-block-image\"><img decoding=\"async\" data-src=\"https:\/\/paraibaonline.com.br\/wp-content\/uploads\/2018\/12\/onyx.jpg\" alt=\"Foto: Ag\u00eancia Brasil\" class=\"wp-image-551907 lazyload\" src=\"data:image\/svg+xml;base64,PHN2ZyB3aWR0aD0iMSIgaGVpZ2h0PSIxIiB4bWxucz0iaHR0cDovL3d3dy53My5vcmcvMjAwMC9zdmciPjwvc3ZnPg==\" \/><\/figure>\n\n\n\n<p>Foto: Ag\u00eancia Brasil<\/p>\n\n\n\n<p>O Nordeste, segundo a Casa Civil,&nbsp;ter\u00e1 um olhar especial no governo de Jair Bolsonaro e grupos interministeriais dever\u00e3o se reunir com frequ\u00eancia para definir pol\u00edticas p\u00fablicas priorit\u00e1rias para a regi\u00e3o.<\/p>\n","protected":false},"excerpt":{"rendered":"<p>O ministro da Casa Civil, Onyx Lorenzoni, comanda na tarde de&nbsp;hoje&nbsp;(4) uma reuni\u00e3o interministerial no Pal\u00e1cio do Planalto. Na pauta est\u00e3o assuntos de interesse para&hellip; <\/p>\n","protected":false},"author":1,"featured_media":83280,"comment_status":"closed","ping_status":"closed","sticky":false,"template":"","format":"standard","meta":{"sfsi_plus_gutenberg_text_before_share":"","sfsi_plus_gutenberg_show_text_before_share":"","sfsi_plus_gutenberg_icon_type":"","sfsi_plus_gutenberg_icon_alignemt":"","sfsi_plus_gutenburg_max_per_row":"","footnotes":""},"categories":[11],"tags":[],"class_list":["post-83279","post","type-post","status-publish","format-standard","has-post-thumbnail","hentry","category-politica"],"_links":{"self":[{"href":"https:\/\/www.caririemacao.com\/1\/wp-json\/wp\/v2\/posts\/83279","targetHints":{"allow":["GET"]}}],"collection":[{"href":"https:\/\/www.caririemacao.com\/1\/wp-json\/wp\/v2\/posts"}],"about":[{"href":"https:\/\/www.caririemacao.com\/1\/wp-json\/wp\/v2\/types\/post"}],"author":[{"embeddable":true,"href":"https:\/\/www.caririemacao.com\/1\/wp-json\/wp\/v2\/users\/1"}],"replies":[{"embeddable":true,"href":"https:\/\/www.caririemacao.com\/1\/wp-json\/wp\/v2\/comments?post=83279"}],"version-history":[{"count":1,"href":"https:\/\/www.caririemacao.com\/1\/wp-json\/wp\/v2\/posts\/83279\/revisions"}],"predecessor-version":[{"id":83281,"href":"https:\/\/www.caririemacao.com\/1\/wp-json\/wp\/v2\/posts\/83279\/revisions\/83281"}],"wp:featuredmedia":[{"embeddable":true,"href":"https:\/\/www.caririemacao.com\/1\/wp-json\/wp\/v2\/media\/83280"}],"wp:attachment":[{"href":"https:\/\/www.caririemacao.com\/1\/wp-json\/wp\/v2\/media?parent=83279"}],"wp:term":[{"taxonomy":"category","embeddable":true,"href":"https:\/\/www.caririemacao.com\/1\/wp-json\/wp\/v2\/categories?post=83279"},{"taxonomy":"post_tag","embeddable":true,"href":"https:\/\/www.caririemacao.com\/1\/wp-json\/wp\/v2\/tags?post=83279"}],"curies":[{"name":"wp","href":"https:\/\/api.w.org\/{rel}","templated":true}]}}