{"id":83282,"date":"2019-02-04T12:20:29","date_gmt":"2019-02-04T15:20:29","guid":{"rendered":"http:\/\/www.caririemacao.com\/1\/?p=83282"},"modified":"2019-02-04T12:20:33","modified_gmt":"2019-02-04T15:20:33","slug":"bolsonaro-tem-previsao-de-alta-mantida-para-quarta-ou-quinta-feira","status":"publish","type":"post","link":"https:\/\/www.caririemacao.com\/1\/2019\/02\/04\/bolsonaro-tem-previsao-de-alta-mantida-para-quarta-ou-quinta-feira\/","title":{"rendered":"Bolsonaro tem previs\u00e3o de alta mantida para quarta ou quinta-feira"},"content":{"rendered":"\n<p><br>O presidente Jair Bolsonaro teve a&nbsp;previs\u00e3o de alta&nbsp;mantida para entre quarta-feira (6) e quinta-feira (7) desta semana, informou a assessoria de imprensa da presid\u00eancia da rep\u00fablica. Ele se mant\u00e9m hoje (4) em repouso, sem compromissos e com visitas restritas.<\/p>\n\n\n\n<figure class=\"wp-block-image\"><img decoding=\"async\" data-src=\"https:\/\/paraibaonline.com.br\/wp-content\/uploads\/2019\/01\/albert-einstein2901-1.jpg\" alt=\"Foto: Rovena Rosa\/Ag\u00eancia Brasil\" class=\"wp-image-568078 lazyload\" src=\"data:image\/svg+xml;base64,PHN2ZyB3aWR0aD0iMSIgaGVpZ2h0PSIxIiB4bWxucz0iaHR0cDovL3d3dy53My5vcmcvMjAwMC9zdmciPjwvc3ZnPg==\" \/><\/figure>\n\n\n\n<p>Foto: Rovena Rosa\/Ag\u00eancia Brasil<\/p>\n\n\n\n<p>Bolsonaro, que est\u00e1 internado h\u00e1 oito dias no Hospital Israelita Albert Einstein, na capital paulista, passou por avalia\u00e7\u00e3o m\u00e9dica esta manh\u00e3, que n\u00e3o apontou altera\u00e7\u00f5es no seu quadro de sa\u00fade. Ele continua usando a&nbsp;sonda nasog\u00e1strica&nbsp;para retirada do ac\u00famulo de l\u00edquido.<\/p>\n\n\n\n<p>\u201cAp\u00f3s uma semana da terceira cirurgia, no espa\u00e7o de menos de 6 meses, gra\u00e7as a Deus, fun\u00e7\u00f5es voltando \u00e0 normalidade, e fisioterapia cont\u00ednua nos fortalecendo para que possamos voltar o mais r\u00e1pido poss\u00edvel \u00e0s atividades rotineiras com plena for\u00e7a. Agrade\u00e7o a todos pelo apoio!\u201d, escreveu Bolsonaro em mensagem no Twitter esta manh\u00e3.<\/p>\n\n\n\n<p>No s\u00e1bado, o presidente apresentou n\u00e1useas e v\u00f4mitos, o que, de acordo com a assessoria da presid\u00eancia, j\u00e1 era esperado, uma vez que Bolsonaro passou por tr\u00eas cirurgias de grande porte em apenas quatro meses.<\/p>\n\n\n\n<p>Segundo a assessoria, a&nbsp;tomografia&nbsp;feita no domingo (3) mostrou que o presidente n\u00e3o teve complica\u00e7\u00f5es cir\u00fargicas e descartou a necessidade de nova cirurgia. A esposa Michelle Bolsonaro e o filho Carlos Bolsonaro continuam na companhia do presidente.<\/p>\n\n\n\n<ul class=\"wp-block-list\"><li><\/li><li><\/li><li><\/li><li><\/li><\/ul>\n","protected":false},"excerpt":{"rendered":"<p>O presidente Jair Bolsonaro teve a&nbsp;previs\u00e3o de alta&nbsp;mantida para entre quarta-feira (6) e quinta-feira (7) desta semana, informou a assessoria de imprensa da presid\u00eancia da&hellip; <\/p>\n","protected":false},"author":1,"featured_media":83283,"comment_status":"closed","ping_status":"closed","sticky":false,"template":"","format":"standard","meta":{"sfsi_plus_gutenberg_text_before_share":"","sfsi_plus_gutenberg_show_text_before_share":"","sfsi_plus_gutenberg_icon_type":"","sfsi_plus_gutenberg_icon_alignemt":"","sfsi_plus_gutenburg_max_per_row":"","footnotes":""},"categories":[11],"tags":[],"class_list":["post-83282","post","type-post","status-publish","format-standard","has-post-thumbnail","hentry","category-politica"],"_links":{"self":[{"href":"https:\/\/www.caririemacao.com\/1\/wp-json\/wp\/v2\/posts\/83282","targetHints":{"allow":["GET"]}}],"collection":[{"href":"https:\/\/www.caririemacao.com\/1\/wp-json\/wp\/v2\/posts"}],"about":[{"href":"https:\/\/www.caririemacao.com\/1\/wp-json\/wp\/v2\/types\/post"}],"author":[{"embeddable":true,"href":"https:\/\/www.caririemacao.com\/1\/wp-json\/wp\/v2\/users\/1"}],"replies":[{"embeddable":true,"href":"https:\/\/www.caririemacao.com\/1\/wp-json\/wp\/v2\/comments?post=83282"}],"version-history":[{"count":1,"href":"https:\/\/www.caririemacao.com\/1\/wp-json\/wp\/v2\/posts\/83282\/revisions"}],"predecessor-version":[{"id":83284,"href":"https:\/\/www.caririemacao.com\/1\/wp-json\/wp\/v2\/posts\/83282\/revisions\/83284"}],"wp:featuredmedia":[{"embeddable":true,"href":"https:\/\/www.caririemacao.com\/1\/wp-json\/wp\/v2\/media\/83283"}],"wp:attachment":[{"href":"https:\/\/www.caririemacao.com\/1\/wp-json\/wp\/v2\/media?parent=83282"}],"wp:term":[{"taxonomy":"category","embeddable":true,"href":"https:\/\/www.caririemacao.com\/1\/wp-json\/wp\/v2\/categories?post=83282"},{"taxonomy":"post_tag","embeddable":true,"href":"https:\/\/www.caririemacao.com\/1\/wp-json\/wp\/v2\/tags?post=83282"}],"curies":[{"name":"wp","href":"https:\/\/api.w.org\/{rel}","templated":true}]}}