{"id":83285,"date":"2019-02-04T12:23:45","date_gmt":"2019-02-04T15:23:45","guid":{"rendered":"http:\/\/www.caririemacao.com\/1\/?p=83285"},"modified":"2019-02-04T12:23:48","modified_gmt":"2019-02-04T15:23:48","slug":"prefeitura-de-sao-jose-dos-cordeiros-adquire-mais-uma-maquina-para-producao-de-vassouras-e-gera-emprego-e-renda-para-cordeirenses","status":"publish","type":"post","link":"https:\/\/www.caririemacao.com\/1\/2019\/02\/04\/prefeitura-de-sao-jose-dos-cordeiros-adquire-mais-uma-maquina-para-producao-de-vassouras-e-gera-emprego-e-renda-para-cordeirenses\/","title":{"rendered":"Prefeitura de S\u00e3o Jos\u00e9 dos Cordeiros adquire mais uma m\u00e1quina para produ\u00e7\u00e3o de vassouras e gera emprego e renda para cordeirenses"},"content":{"rendered":"\n<p>O prefeito Jefferson Roberto continua seu plano de utilizar o poder p\u00fablico para beneficiar diretamente a vida das pessoas em S\u00e3o Jos\u00e9 dos Cordeiros.<\/p>\n\n\n\n<p>O gestor adquiriu e entregou a segunda m\u00e1quina de confec\u00e7\u00e3o de vassouras com garrafas peti e a entregou a um grupo de pessoas treinadas pelo pr\u00f3prio munic\u00edpio para produzir o material e gerar renda para sua fam\u00edlia.<\/p>\n\n\n\n<p>Foram investidos com recursos pr\u00f3prios cerca de R$ 12 mil para aquisi\u00e7\u00e3o da m\u00e1quina, materiais e capacita\u00e7\u00f5es. O benef\u00edcio foi inicialmente destinado a moradores da zona urbana, mas segundo o prefeito Jefferson Roberto a iniciativa ser\u00e1 replicada tamb\u00e9m para habitantes da zona rural.<\/p>\n\n\n\n<p>A a\u00e7\u00e3o foi desenvolvida atrav\u00e9s da Secretaria de Assist\u00eancia Social e em parceria com o Sebrae. Para o prefeito Jefferson Roberto: \u201cA inten\u00e7\u00e3o da gest\u00e3o \u00e9 criar alternativas para emancipar as pessoas e melhorarem sua vida. Vamos continuar focados no trabalho e tendo sempre como principal objetivo a qualidade de vida dos cordeirenses\u201d, pontuou.<\/p>\n\n\n\n<p><strong>De Olho no Cariri<\/strong><\/p>\n","protected":false},"excerpt":{"rendered":"<p>O prefeito Jefferson Roberto continua seu plano de utilizar o poder p\u00fablico para beneficiar diretamente a vida das pessoas em S\u00e3o Jos\u00e9 dos Cordeiros. O&hellip; <\/p>\n","protected":false},"author":1,"featured_media":83286,"comment_status":"closed","ping_status":"closed","sticky":false,"template":"","format":"standard","meta":{"sfsi_plus_gutenberg_text_before_share":"","sfsi_plus_gutenberg_show_text_before_share":"","sfsi_plus_gutenberg_icon_type":"","sfsi_plus_gutenberg_icon_alignemt":"","sfsi_plus_gutenburg_max_per_row":"","footnotes":""},"categories":[6],"tags":[],"class_list":["post-83285","post","type-post","status-publish","format-standard","has-post-thumbnail","hentry","category-cidades"],"_links":{"self":[{"href":"https:\/\/www.caririemacao.com\/1\/wp-json\/wp\/v2\/posts\/83285","targetHints":{"allow":["GET"]}}],"collection":[{"href":"https:\/\/www.caririemacao.com\/1\/wp-json\/wp\/v2\/posts"}],"about":[{"href":"https:\/\/www.caririemacao.com\/1\/wp-json\/wp\/v2\/types\/post"}],"author":[{"embeddable":true,"href":"https:\/\/www.caririemacao.com\/1\/wp-json\/wp\/v2\/users\/1"}],"replies":[{"embeddable":true,"href":"https:\/\/www.caririemacao.com\/1\/wp-json\/wp\/v2\/comments?post=83285"}],"version-history":[{"count":1,"href":"https:\/\/www.caririemacao.com\/1\/wp-json\/wp\/v2\/posts\/83285\/revisions"}],"predecessor-version":[{"id":83287,"href":"https:\/\/www.caririemacao.com\/1\/wp-json\/wp\/v2\/posts\/83285\/revisions\/83287"}],"wp:featuredmedia":[{"embeddable":true,"href":"https:\/\/www.caririemacao.com\/1\/wp-json\/wp\/v2\/media\/83286"}],"wp:attachment":[{"href":"https:\/\/www.caririemacao.com\/1\/wp-json\/wp\/v2\/media?parent=83285"}],"wp:term":[{"taxonomy":"category","embeddable":true,"href":"https:\/\/www.caririemacao.com\/1\/wp-json\/wp\/v2\/categories?post=83285"},{"taxonomy":"post_tag","embeddable":true,"href":"https:\/\/www.caririemacao.com\/1\/wp-json\/wp\/v2\/tags?post=83285"}],"curies":[{"name":"wp","href":"https:\/\/api.w.org\/{rel}","templated":true}]}}