{"id":83289,"date":"2019-02-04T13:45:23","date_gmt":"2019-02-04T16:45:23","guid":{"rendered":"http:\/\/www.caririemacao.com\/1\/?p=83289"},"modified":"2019-02-04T13:45:27","modified_gmt":"2019-02-04T16:45:27","slug":"moro-propoe-endurecer-cumprimento-de-pena-para-crimes-graves","status":"publish","type":"post","link":"https:\/\/www.caririemacao.com\/1\/2019\/02\/04\/moro-propoe-endurecer-cumprimento-de-pena-para-crimes-graves\/","title":{"rendered":"Moro prop\u00f5e endurecer cumprimento de pena para crimes graves"},"content":{"rendered":"\n<p><br>O Projeto de Lei Anticrime que o governo federal vai enviar ao Congresso Nacional nos pr\u00f3ximos dias prev\u00ea mudan\u00e7as em 14 leis, entre elas, o C\u00f3digo Penal, a Lei de Execu\u00e7\u00e3o Penal, a Lei de Crimes Hediondos e o C\u00f3digo Eleitoral.<\/p>\n\n\n\n<figure class=\"wp-block-image\"><img decoding=\"async\" data-src=\"https:\/\/paraibaonline.com.br\/wp-content\/uploads\/2019\/02\/moro0402.jpg\" alt=\"Marcelo Camargo\/Ag\u00eancia Brasil\" class=\"wp-image-574218 lazyload\" src=\"data:image\/svg+xml;base64,PHN2ZyB3aWR0aD0iMSIgaGVpZ2h0PSIxIiB4bWxucz0iaHR0cDovL3d3dy53My5vcmcvMjAwMC9zdmciPjwvc3ZnPg==\" \/><\/figure>\n\n\n\n<p>Foto: Marcelo Camargo\/Ag\u00eancia Brasil<\/p>\n\n\n\n<p>A inten\u00e7\u00e3o, segundo o Minist\u00e9rio da Justi\u00e7a e Seguran\u00e7a P\u00fablica, \u00e9 combater a corrup\u00e7\u00e3o, crimes violentos e fac\u00e7\u00f5es criminosas.<\/p>\n\n\n\n<p>O ministro Sergio Moro apresentou hoje (4) a proposta a 12 governadores, vice-governadores e secret\u00e1rios estaduais de Seguran\u00e7a P\u00fablica, em Bras\u00edlia. Mais cedo, ele conversou sobre o projeto com o presidente da C\u00e2mara dos Deputados, Rodrigo Maia.<\/p>\n\n\n\n<p>De acordo com a minuta do projeto, divulgado \u00e0 imprensa, a iniciativa prev\u00ea altera\u00e7\u00f5es legais, elevando penas para crimes com arma de fogo. Al\u00e9m disso, o governo conta com o aprimoramento do mecanismo que possibilita o confisco de produto do crime, permitindo o uso do bem apreendido pelos \u00f3rg\u00e3os de seguran\u00e7a p\u00fablica.<\/p>\n\n\n\n<p>As medidas visam ao endurecimento do cumprimento da pena para crimes considerados mais graves, como roubo, corrup\u00e7\u00e3o e peculato que, pela proposta, passa a ser em regime inicial fechado.<\/p>\n\n\n\n<p>O projeto pretende deixar claro que o princ\u00edpio da presun\u00e7\u00e3o da inoc\u00eancia n\u00e3o impede a execu\u00e7\u00e3o da condena\u00e7\u00e3o criminal ap\u00f3s segunda inst\u00e2ncia.<\/p>\n\n\n\n<p>A reforma do crime de resist\u00eancia, introduzindo solu\u00e7\u00f5es negociadas no C\u00f3digo de Processo Penal e na Lei de Improbidade, \u00e9 uma das propostas, contando tamb\u00e9m com medidas para assegurar o cumprimento da condena\u00e7\u00e3o ap\u00f3s julgamento em segunda inst\u00e2ncia, aumentando a efetividade do Tribunal do J\u00fari.<\/p>\n\n\n\n<p>De acordo com o projeto, ser\u00e1 considerado crime arrecadar, manter, movimentar ou utilizar valores que n\u00e3o tenham sido declarados \u00e0 Justi\u00e7a Eleitoral, popularmente chamado de&nbsp;<a href=\"http:\/\/agenciabrasil.ebc.com.br\/politica\/noticia\/2019-02\/lei-anticrime-podera-criminalizar-caixa-2-tambem-em-ato-ja-praticado\" target=\"_blank\" rel=\"noreferrer noopener\">caixa dois<\/a>.<\/p>\n\n\n\n<p>Outro ponto conceitua organiza\u00e7\u00f5es criminosas e prev\u00ea que seus l\u00edderes e integrantes, ao serem encontrados com armas, iniciem o cumprimento da pena em pres\u00eddios de seguran\u00e7a m\u00e1xima. Condenados que sejam comprovadamente integrantes de organiza\u00e7\u00f5es criminosas n\u00e3o ter\u00e3o direito a progress\u00e3o de regime.&nbsp; A proposta ainda amplia \u2013 de um para tr\u00eas anos \u2013 o prazo de perman\u00eancia de l\u00edderes de organiza\u00e7\u00f5es criminosas em pres\u00eddios federais.<\/p>\n","protected":false},"excerpt":{"rendered":"<p>O Projeto de Lei Anticrime que o governo federal vai enviar ao Congresso Nacional nos pr\u00f3ximos dias prev\u00ea mudan\u00e7as em 14 leis, entre elas, o&hellip; <\/p>\n","protected":false},"author":1,"featured_media":83290,"comment_status":"closed","ping_status":"closed","sticky":false,"template":"","format":"standard","meta":{"sfsi_plus_gutenberg_text_before_share":"","sfsi_plus_gutenberg_show_text_before_share":"","sfsi_plus_gutenberg_icon_type":"","sfsi_plus_gutenberg_icon_alignemt":"","sfsi_plus_gutenburg_max_per_row":"","footnotes":""},"categories":[11],"tags":[],"class_list":["post-83289","post","type-post","status-publish","format-standard","has-post-thumbnail","hentry","category-politica"],"_links":{"self":[{"href":"https:\/\/www.caririemacao.com\/1\/wp-json\/wp\/v2\/posts\/83289","targetHints":{"allow":["GET"]}}],"collection":[{"href":"https:\/\/www.caririemacao.com\/1\/wp-json\/wp\/v2\/posts"}],"about":[{"href":"https:\/\/www.caririemacao.com\/1\/wp-json\/wp\/v2\/types\/post"}],"author":[{"embeddable":true,"href":"https:\/\/www.caririemacao.com\/1\/wp-json\/wp\/v2\/users\/1"}],"replies":[{"embeddable":true,"href":"https:\/\/www.caririemacao.com\/1\/wp-json\/wp\/v2\/comments?post=83289"}],"version-history":[{"count":1,"href":"https:\/\/www.caririemacao.com\/1\/wp-json\/wp\/v2\/posts\/83289\/revisions"}],"predecessor-version":[{"id":83291,"href":"https:\/\/www.caririemacao.com\/1\/wp-json\/wp\/v2\/posts\/83289\/revisions\/83291"}],"wp:featuredmedia":[{"embeddable":true,"href":"https:\/\/www.caririemacao.com\/1\/wp-json\/wp\/v2\/media\/83290"}],"wp:attachment":[{"href":"https:\/\/www.caririemacao.com\/1\/wp-json\/wp\/v2\/media?parent=83289"}],"wp:term":[{"taxonomy":"category","embeddable":true,"href":"https:\/\/www.caririemacao.com\/1\/wp-json\/wp\/v2\/categories?post=83289"},{"taxonomy":"post_tag","embeddable":true,"href":"https:\/\/www.caririemacao.com\/1\/wp-json\/wp\/v2\/tags?post=83289"}],"curies":[{"name":"wp","href":"https:\/\/api.w.org\/{rel}","templated":true}]}}