{"id":83297,"date":"2019-02-04T15:08:25","date_gmt":"2019-02-04T18:08:25","guid":{"rendered":"http:\/\/www.caririemacao.com\/1\/?p=83297"},"modified":"2019-02-04T15:08:28","modified_gmt":"2019-02-04T18:08:28","slug":"raniery-paulino-e-escolhido-lider-da-oposicao-na-alpb","status":"publish","type":"post","link":"https:\/\/www.caririemacao.com\/1\/2019\/02\/04\/raniery-paulino-e-escolhido-lider-da-oposicao-na-alpb\/","title":{"rendered":"Raniery Paulino \u00e9 escolhido l\u00edder da Oposi\u00e7\u00e3o na ALPB"},"content":{"rendered":"\n<p>A bancada de oposi\u00e7\u00e3o na Assembleia Legislativa da Para\u00edba (ALPB) definiu, na tarde desta segunda-feira (04), que o emedebista Raniery Paulino ser\u00e1 o l\u00edder do bloco.<\/p>\n\n\n\n<p>A informa\u00e7\u00e3o foi repassada ao&nbsp;<strong>Portal MaisPB<\/strong>pelo tucano Tovar Correia Lima, que j\u00e1 exerceu a fun\u00e7\u00e3o na legislatura anterior.<\/p>\n\n\n\n<p>Raniery disputava internamente com Wallber Virgolino (Patriotas) o posto. Como o novato ir\u00e1 fazer parte da mesa, fica impedido de liderar os demais parlamentares.<\/p>\n\n\n\n<p><strong>Wallison Bezerra \u2013 MaisPB<\/strong><\/p>\n","protected":false},"excerpt":{"rendered":"<p>A bancada de oposi\u00e7\u00e3o na Assembleia Legislativa da Para\u00edba (ALPB) definiu, na tarde desta segunda-feira (04), que o emedebista Raniery Paulino ser\u00e1 o l\u00edder do&hellip; <\/p>\n","protected":false},"author":1,"featured_media":83298,"comment_status":"closed","ping_status":"closed","sticky":false,"template":"","format":"standard","meta":{"sfsi_plus_gutenberg_text_before_share":"","sfsi_plus_gutenberg_show_text_before_share":"","sfsi_plus_gutenberg_icon_type":"","sfsi_plus_gutenberg_icon_alignemt":"","sfsi_plus_gutenburg_max_per_row":"","footnotes":""},"categories":[11],"tags":[],"class_list":["post-83297","post","type-post","status-publish","format-standard","has-post-thumbnail","hentry","category-politica"],"_links":{"self":[{"href":"https:\/\/www.caririemacao.com\/1\/wp-json\/wp\/v2\/posts\/83297","targetHints":{"allow":["GET"]}}],"collection":[{"href":"https:\/\/www.caririemacao.com\/1\/wp-json\/wp\/v2\/posts"}],"about":[{"href":"https:\/\/www.caririemacao.com\/1\/wp-json\/wp\/v2\/types\/post"}],"author":[{"embeddable":true,"href":"https:\/\/www.caririemacao.com\/1\/wp-json\/wp\/v2\/users\/1"}],"replies":[{"embeddable":true,"href":"https:\/\/www.caririemacao.com\/1\/wp-json\/wp\/v2\/comments?post=83297"}],"version-history":[{"count":1,"href":"https:\/\/www.caririemacao.com\/1\/wp-json\/wp\/v2\/posts\/83297\/revisions"}],"predecessor-version":[{"id":83299,"href":"https:\/\/www.caririemacao.com\/1\/wp-json\/wp\/v2\/posts\/83297\/revisions\/83299"}],"wp:featuredmedia":[{"embeddable":true,"href":"https:\/\/www.caririemacao.com\/1\/wp-json\/wp\/v2\/media\/83298"}],"wp:attachment":[{"href":"https:\/\/www.caririemacao.com\/1\/wp-json\/wp\/v2\/media?parent=83297"}],"wp:term":[{"taxonomy":"category","embeddable":true,"href":"https:\/\/www.caririemacao.com\/1\/wp-json\/wp\/v2\/categories?post=83297"},{"taxonomy":"post_tag","embeddable":true,"href":"https:\/\/www.caririemacao.com\/1\/wp-json\/wp\/v2\/tags?post=83297"}],"curies":[{"name":"wp","href":"https:\/\/api.w.org\/{rel}","templated":true}]}}