{"id":83300,"date":"2019-02-04T15:09:51","date_gmt":"2019-02-04T18:09:51","guid":{"rendered":"http:\/\/www.caririemacao.com\/1\/?p=83300"},"modified":"2019-02-04T15:09:54","modified_gmt":"2019-02-04T18:09:54","slug":"galdino-vai-propor-suspensao-de-sessoes-para-garantir-acessibilidade","status":"publish","type":"post","link":"https:\/\/www.caririemacao.com\/1\/2019\/02\/04\/galdino-vai-propor-suspensao-de-sessoes-para-garantir-acessibilidade\/","title":{"rendered":"Galdino vai propor suspens\u00e3o de sess\u00f5es para garantir acessibilidade"},"content":{"rendered":"\n<p>O presidente da Assembleia Legislativa da Para\u00edba, Adriano Galdino (PSB), vai propor que as sess\u00f5es da Casa sejam suspensas por um per\u00edodo de 15 dias para realiza\u00e7\u00e3o de obras de acessibilidade no Plen\u00e1rio e em outros setores do pr\u00e9dio.<\/p>\n\n\n\n<p>A medida visa beneficiar a deputada estadual Cida Ramos (PSB) que estreou na semana passada na Casa e reclamou das dificuldades que teve, inclusive para falar na tribuna.<\/p>\n\n\n\n<p>A proposta ser\u00e1 apresentara na tarde desta segunda-feira (04) ap\u00f3s a sess\u00e3o especial de abertura da 19\u00aa legislatura onde o governador Jo\u00e3o Azev\u00eado (PSB) far\u00e1 a leitura da mensagem do executivo aos parlamentares.<\/p>\n\n\n\n<p><strong>Wallison Bezerra \u2013 MaisPB<\/strong><\/p>\n","protected":false},"excerpt":{"rendered":"<p>O presidente da Assembleia Legislativa da Para\u00edba, Adriano Galdino (PSB), vai propor que as sess\u00f5es da Casa sejam suspensas por um per\u00edodo de 15 dias&hellip; <\/p>\n","protected":false},"author":1,"featured_media":82923,"comment_status":"closed","ping_status":"closed","sticky":false,"template":"","format":"standard","meta":{"sfsi_plus_gutenberg_text_before_share":"","sfsi_plus_gutenberg_show_text_before_share":"","sfsi_plus_gutenberg_icon_type":"","sfsi_plus_gutenberg_icon_alignemt":"","sfsi_plus_gutenburg_max_per_row":"","footnotes":""},"categories":[11],"tags":[],"class_list":["post-83300","post","type-post","status-publish","format-standard","has-post-thumbnail","hentry","category-politica"],"_links":{"self":[{"href":"https:\/\/www.caririemacao.com\/1\/wp-json\/wp\/v2\/posts\/83300","targetHints":{"allow":["GET"]}}],"collection":[{"href":"https:\/\/www.caririemacao.com\/1\/wp-json\/wp\/v2\/posts"}],"about":[{"href":"https:\/\/www.caririemacao.com\/1\/wp-json\/wp\/v2\/types\/post"}],"author":[{"embeddable":true,"href":"https:\/\/www.caririemacao.com\/1\/wp-json\/wp\/v2\/users\/1"}],"replies":[{"embeddable":true,"href":"https:\/\/www.caririemacao.com\/1\/wp-json\/wp\/v2\/comments?post=83300"}],"version-history":[{"count":1,"href":"https:\/\/www.caririemacao.com\/1\/wp-json\/wp\/v2\/posts\/83300\/revisions"}],"predecessor-version":[{"id":83301,"href":"https:\/\/www.caririemacao.com\/1\/wp-json\/wp\/v2\/posts\/83300\/revisions\/83301"}],"wp:featuredmedia":[{"embeddable":true,"href":"https:\/\/www.caririemacao.com\/1\/wp-json\/wp\/v2\/media\/82923"}],"wp:attachment":[{"href":"https:\/\/www.caririemacao.com\/1\/wp-json\/wp\/v2\/media?parent=83300"}],"wp:term":[{"taxonomy":"category","embeddable":true,"href":"https:\/\/www.caririemacao.com\/1\/wp-json\/wp\/v2\/categories?post=83300"},{"taxonomy":"post_tag","embeddable":true,"href":"https:\/\/www.caririemacao.com\/1\/wp-json\/wp\/v2\/tags?post=83300"}],"curies":[{"name":"wp","href":"https:\/\/api.w.org\/{rel}","templated":true}]}}