{"id":83302,"date":"2019-02-04T15:11:08","date_gmt":"2019-02-04T18:11:08","guid":{"rendered":"http:\/\/www.caririemacao.com\/1\/?p=83302"},"modified":"2019-02-04T15:11:10","modified_gmt":"2019-02-04T18:11:10","slug":"mais-de-tres-mil-candidatos-ja-se-inscreveram-para-o-concurso-da-ufpb","status":"publish","type":"post","link":"https:\/\/www.caririemacao.com\/1\/2019\/02\/04\/mais-de-tres-mil-candidatos-ja-se-inscreveram-para-o-concurso-da-ufpb\/","title":{"rendered":"Mais de tr\u00eas mil candidatos j\u00e1 se inscreveram para o concurso da UFPB"},"content":{"rendered":"\n<p>O concurso da Universidade Federal da Para\u00edba (UFPB) j\u00e1 conta com mais de tr\u00eas mil candidatos inscritos. O n\u00famero \u00e9 considerado alto, j\u00e1 que as inscri\u00e7\u00f5es foram abertas h\u00e1 apenas duas semanas, no dia 21 de janeiro. Os sal\u00e1rios iniciais dos cargos dispon\u00edveis s\u00e3o de at\u00e9 R$ 4.180,66.<\/p>\n\n\n\n<p>O prazo para os candidatos interessados nas 131 vagas oferecidas pelo certame vai at\u00e9 o dia 25 de fevereiro. De acordo com a reitora da UFPB, Margareth Diniz, \u201cn\u00f3s esperamos que certamente at\u00e9 o final, ao t\u00e9rmino das inscri\u00e7\u00f5es, que tenhamos um quantitativo bem significativo de pessoas \u00e0 procura dos diferentes cargos que est\u00e3o sendo oferecidos no edital\u201d. Em entrevista exclusiva ao ClickPB, ela recordou que&nbsp;as provas est\u00e3o previstas&nbsp;para o m\u00eas de abril.<\/p>\n\n\n\n<p>As 131 vagas dispon\u00edveis neste concurso p\u00fablico, de acordo com a reitora, s\u00e3o \u201cvagas pr\u00f3prias da institui\u00e7\u00e3o, porque n\u00f3s nunca recebemos nenhuma vaga oriunda do Minist\u00e9rio do Planejamento e via Minist\u00e9rio da Educa\u00e7\u00e3o. Ent\u00e3o s\u00e3o vagas resultantes de aposentadoria, exonera\u00e7\u00f5es, falecimentos\u201d.<\/p>\n\n\n\n<figure><iframe width=\"560\" height=\"315\" data-src=\"https:\/\/www.youtube.com\/embed\/Wmu7gIci_DM\" allowfullscreen=\"\" src=\"data:image\/svg+xml;base64,PHN2ZyB3aWR0aD0iMSIgaGVpZ2h0PSIxIiB4bWxucz0iaHR0cDovL3d3dy53My5vcmcvMjAwMC9zdmciPjwvc3ZnPg==\" class=\"lazyload\" data-load-mode=\"1\"><\/iframe><\/figure>\n\n\n\n<p>As inscri\u00e7\u00f5es devem ser feitas atrav\u00e9s do&nbsp;<a href=\"http:\/\/www.institutoaocp.org.br\/concurso.jsp?id=218\">site da empresa organizadora, a AOCP<\/a>, at\u00e9 as 23h59 do dia 25 de fevereiro. As taxas de inscri\u00e7\u00e3o s\u00e3o de R$ 45,00 (quarenta e cinco reais) para os cargos de N\u00edvel C, R$ 60,00 (sessenta reais) para os cargos de N\u00edvel D e R$ 80,00 (oitenta reais) para os cargos de N\u00edvel E.<\/p>\n\n\n\n<p>As provas ser\u00e3o aplicadas na data prevista de 07 de abril de 2019. A Prova Objetiva ser\u00e1 realizada nas cidades de Jo\u00e3o Pessoa, Mamanguape, Rio Tinto, Bananeiras e Areia, localizadas no Estado da Para\u00edba.<\/p>\n\n\n\n<p>ClickPB<\/p>\n","protected":false},"excerpt":{"rendered":"<p>O concurso da Universidade Federal da Para\u00edba (UFPB) j\u00e1 conta com mais de tr\u00eas mil candidatos inscritos. O n\u00famero \u00e9 considerado alto, j\u00e1 que as&hellip; <\/p>\n","protected":false},"author":1,"featured_media":83303,"comment_status":"closed","ping_status":"closed","sticky":false,"template":"","format":"standard","meta":{"sfsi_plus_gutenberg_text_before_share":"","sfsi_plus_gutenberg_show_text_before_share":"","sfsi_plus_gutenberg_icon_type":"","sfsi_plus_gutenberg_icon_alignemt":"","sfsi_plus_gutenburg_max_per_row":"","footnotes":""},"categories":[2],"tags":[],"class_list":["post-83302","post","type-post","status-publish","format-standard","has-post-thumbnail","hentry","category-geral"],"_links":{"self":[{"href":"https:\/\/www.caririemacao.com\/1\/wp-json\/wp\/v2\/posts\/83302","targetHints":{"allow":["GET"]}}],"collection":[{"href":"https:\/\/www.caririemacao.com\/1\/wp-json\/wp\/v2\/posts"}],"about":[{"href":"https:\/\/www.caririemacao.com\/1\/wp-json\/wp\/v2\/types\/post"}],"author":[{"embeddable":true,"href":"https:\/\/www.caririemacao.com\/1\/wp-json\/wp\/v2\/users\/1"}],"replies":[{"embeddable":true,"href":"https:\/\/www.caririemacao.com\/1\/wp-json\/wp\/v2\/comments?post=83302"}],"version-history":[{"count":1,"href":"https:\/\/www.caririemacao.com\/1\/wp-json\/wp\/v2\/posts\/83302\/revisions"}],"predecessor-version":[{"id":83304,"href":"https:\/\/www.caririemacao.com\/1\/wp-json\/wp\/v2\/posts\/83302\/revisions\/83304"}],"wp:featuredmedia":[{"embeddable":true,"href":"https:\/\/www.caririemacao.com\/1\/wp-json\/wp\/v2\/media\/83303"}],"wp:attachment":[{"href":"https:\/\/www.caririemacao.com\/1\/wp-json\/wp\/v2\/media?parent=83302"}],"wp:term":[{"taxonomy":"category","embeddable":true,"href":"https:\/\/www.caririemacao.com\/1\/wp-json\/wp\/v2\/categories?post=83302"},{"taxonomy":"post_tag","embeddable":true,"href":"https:\/\/www.caririemacao.com\/1\/wp-json\/wp\/v2\/tags?post=83302"}],"curies":[{"name":"wp","href":"https:\/\/api.w.org\/{rel}","templated":true}]}}