{"id":83308,"date":"2019-02-04T15:13:13","date_gmt":"2019-02-04T18:13:13","guid":{"rendered":"http:\/\/www.caririemacao.com\/1\/?p=83308"},"modified":"2019-02-04T15:13:17","modified_gmt":"2019-02-04T18:13:17","slug":"equipe-de-reportagem-da-tv-band-recebe-ordem-de-prisao-em-brumadinho","status":"publish","type":"post","link":"https:\/\/www.caririemacao.com\/1\/2019\/02\/04\/equipe-de-reportagem-da-tv-band-recebe-ordem-de-prisao-em-brumadinho\/","title":{"rendered":"Equipe de reportagem da TV Band recebe ordem de pris\u00e3o em Brumadinho"},"content":{"rendered":"\n<p>Uma equipe de reportagem da TV Band recebeu ordem de pris\u00e3o em Brumadinho (MG) durante uma transmiss\u00e3o ao vivo para o programa &#8216;Brasil Urgente&#8217; na tarde deste s\u00e1bado (2).<\/p>\n\n\n\n<p>Segundo o portal &#8216;O Tempo&#8217;, um policial disse que levaria o rep\u00f3rter e cinegrafistas para uma delegacia pois eles teriam &#8216;invadido&#8217; uma \u00e1rea de acesso restrito \u00e0s equipes que buscam v\u00edtimas da trag\u00e9dia ambiental.<\/p>\n\n\n\n<p>A equipe da Band tenta argumentar, dizendo que as imagens foram feitas com o zoom da c\u00e2mera de filmagem. O policial rebate, afirmando que a ordem foi dada pelo comando da opera\u00e7\u00e3o e garantindo que helic\u00f3pteros da Pol\u00edcia Civil flagraram a infra\u00e7\u00e3o.<\/p>\n\n\n\n<p>A PM informou mais tarde que a equipe da Band foi tirada da \u00e1rea de risco e n\u00e3o chegaram a ser conduzidos at\u00e9 a delegacia.<\/p>\n\n\n\n<p><\/p>\n\n\n\n<p>O TEMPO<\/p>\n","protected":false},"excerpt":{"rendered":"<p>Uma equipe de reportagem da TV Band recebeu ordem de pris\u00e3o em Brumadinho (MG) durante uma transmiss\u00e3o ao vivo para o programa &#8216;Brasil Urgente&#8217; na&hellip; <\/p>\n","protected":false},"author":1,"featured_media":83309,"comment_status":"closed","ping_status":"closed","sticky":false,"template":"","format":"standard","meta":{"sfsi_plus_gutenberg_text_before_share":"","sfsi_plus_gutenberg_show_text_before_share":"","sfsi_plus_gutenberg_icon_type":"","sfsi_plus_gutenberg_icon_alignemt":"","sfsi_plus_gutenburg_max_per_row":"","footnotes":""},"categories":[2],"tags":[],"class_list":["post-83308","post","type-post","status-publish","format-standard","has-post-thumbnail","hentry","category-geral"],"_links":{"self":[{"href":"https:\/\/www.caririemacao.com\/1\/wp-json\/wp\/v2\/posts\/83308","targetHints":{"allow":["GET"]}}],"collection":[{"href":"https:\/\/www.caririemacao.com\/1\/wp-json\/wp\/v2\/posts"}],"about":[{"href":"https:\/\/www.caririemacao.com\/1\/wp-json\/wp\/v2\/types\/post"}],"author":[{"embeddable":true,"href":"https:\/\/www.caririemacao.com\/1\/wp-json\/wp\/v2\/users\/1"}],"replies":[{"embeddable":true,"href":"https:\/\/www.caririemacao.com\/1\/wp-json\/wp\/v2\/comments?post=83308"}],"version-history":[{"count":1,"href":"https:\/\/www.caririemacao.com\/1\/wp-json\/wp\/v2\/posts\/83308\/revisions"}],"predecessor-version":[{"id":83310,"href":"https:\/\/www.caririemacao.com\/1\/wp-json\/wp\/v2\/posts\/83308\/revisions\/83310"}],"wp:featuredmedia":[{"embeddable":true,"href":"https:\/\/www.caririemacao.com\/1\/wp-json\/wp\/v2\/media\/83309"}],"wp:attachment":[{"href":"https:\/\/www.caririemacao.com\/1\/wp-json\/wp\/v2\/media?parent=83308"}],"wp:term":[{"taxonomy":"category","embeddable":true,"href":"https:\/\/www.caririemacao.com\/1\/wp-json\/wp\/v2\/categories?post=83308"},{"taxonomy":"post_tag","embeddable":true,"href":"https:\/\/www.caririemacao.com\/1\/wp-json\/wp\/v2\/tags?post=83308"}],"curies":[{"name":"wp","href":"https:\/\/api.w.org\/{rel}","templated":true}]}}