{"id":84424,"date":"2019-02-12T15:03:49","date_gmt":"2019-02-12T18:03:49","guid":{"rendered":"http:\/\/www.caririemacao.com\/1\/?p=84424"},"modified":"2019-02-12T15:03:55","modified_gmt":"2019-02-12T18:03:55","slug":"video-mostra-momento-da-queda-de-helicoptero-que-matou-boechat-e-piloto","status":"publish","type":"post","link":"https:\/\/www.caririemacao.com\/1\/2019\/02\/12\/video-mostra-momento-da-queda-de-helicoptero-que-matou-boechat-e-piloto\/","title":{"rendered":"V\u00eddeo mostra momento da queda de helic\u00f3ptero que matou Boechat e piloto"},"content":{"rendered":"\n<p>A Pol\u00edcia Civil de S\u00e3o Paulo divulgou nesta ter\u00e7a-feira (12) um v\u00eddeo registrado por c\u00e2meras de seguran\u00e7a que mostram a queda do helic\u00f3ptero que vitimou o jornalista Ricardo Boechat e o piloto Ronaldo Quattrucci. O acidente aconteceu nesta segunda-feira (11) na Rodovia Anhanguera, em S\u00e3o Paulo.<\/p>\n\n\n\n<p>O v\u00eddeo mostra a aeronave perdendo for\u00e7a e descendo. O helic\u00f3ptero passa entre dois viadutos do Rodoanel M\u00e1rio Covas, que ficam sobre a Rodovia Anhanguera. O caminh\u00e3o que bateu na aeronave tamb\u00e9m aparece nas imagens, mas a colis\u00e3o n\u00e3o foi registrada. Em seguida, uma fuma\u00e7a preta aparece no canto esquerdo.<\/p>\n\n\n\n<p>Segundo o delegado Luiz Hellmeister, titular do 46\u00ba Distrito Policial (DP), em Perus, as imagens e os depoimentos demonstram que a colis\u00e3o que matou o jornalista e o piloto foi uma \u201cfatalidade\u201d.<\/p>\n\n\n\n<figure><iframe width=\"560\" height=\"315\" data-src=\"https:\/\/www.youtube.com\/embed\/HTd3AW4bdUQ\" allowfullscreen=\"\" src=\"data:image\/svg+xml;base64,PHN2ZyB3aWR0aD0iMSIgaGVpZ2h0PSIxIiB4bWxucz0iaHR0cDovL3d3dy53My5vcmcvMjAwMC9zdmciPjwvc3ZnPg==\" class=\"lazyload\" data-load-mode=\"1\"><\/iframe><\/figure>\n\n\n\n<p>\u201cA imagem mostra o helic\u00f3ptero taxiando, perdendo altitude, balan\u00e7ando, e descendo entre os viadutos. A cena n\u00e3o mostra, mas os esquis da aeronave pegam na parte superior do caminh\u00e3o e ocorre a colis\u00e3o, que depois fez o aparelho pegar fogo e matar o jornalista e o piloto. Foi uma fatalidade\u201d, disse Hellmeister.<\/p>\n\n\n\n<p>O v\u00eddeo foi gravado por uma c\u00e2mera de seguran\u00e7a da CCR Rodoanel, concession\u00e1ria respons\u00e1vel pelo Rodoanel, e foi entregue nesta tarde \u00e0 investiga\u00e7\u00e3o, que apura as causas e eventuais responsabilidades pelo acidente com mortes.<\/p>\n\n\n\n<p><strong>Depoimentos<\/strong><\/p>\n\n\n\n<p>A Pol\u00edcia Civil j\u00e1 ouviu quatro testemunhas: dois policiais militares que atenderam a ocorr\u00eancia, uma mulher que presenciou o acidente, e o motorista do caminh\u00e3o. <\/p>\n\n\n\n<p>G1\u00a0<\/p>\n","protected":false},"excerpt":{"rendered":"<p>A Pol\u00edcia Civil de S\u00e3o Paulo divulgou nesta ter\u00e7a-feira (12) um v\u00eddeo registrado por c\u00e2meras de seguran\u00e7a que mostram a queda do helic\u00f3ptero que vitimou&hellip; <\/p>\n","protected":false},"author":1,"featured_media":84425,"comment_status":"closed","ping_status":"closed","sticky":false,"template":"","format":"standard","meta":{"sfsi_plus_gutenberg_text_before_share":"","sfsi_plus_gutenberg_show_text_before_share":"","sfsi_plus_gutenberg_icon_type":"","sfsi_plus_gutenberg_icon_alignemt":"","sfsi_plus_gutenburg_max_per_row":"","footnotes":""},"categories":[2],"tags":[],"class_list":["post-84424","post","type-post","status-publish","format-standard","has-post-thumbnail","hentry","category-geral"],"_links":{"self":[{"href":"https:\/\/www.caririemacao.com\/1\/wp-json\/wp\/v2\/posts\/84424","targetHints":{"allow":["GET"]}}],"collection":[{"href":"https:\/\/www.caririemacao.com\/1\/wp-json\/wp\/v2\/posts"}],"about":[{"href":"https:\/\/www.caririemacao.com\/1\/wp-json\/wp\/v2\/types\/post"}],"author":[{"embeddable":true,"href":"https:\/\/www.caririemacao.com\/1\/wp-json\/wp\/v2\/users\/1"}],"replies":[{"embeddable":true,"href":"https:\/\/www.caririemacao.com\/1\/wp-json\/wp\/v2\/comments?post=84424"}],"version-history":[{"count":1,"href":"https:\/\/www.caririemacao.com\/1\/wp-json\/wp\/v2\/posts\/84424\/revisions"}],"predecessor-version":[{"id":84426,"href":"https:\/\/www.caririemacao.com\/1\/wp-json\/wp\/v2\/posts\/84424\/revisions\/84426"}],"wp:featuredmedia":[{"embeddable":true,"href":"https:\/\/www.caririemacao.com\/1\/wp-json\/wp\/v2\/media\/84425"}],"wp:attachment":[{"href":"https:\/\/www.caririemacao.com\/1\/wp-json\/wp\/v2\/media?parent=84424"}],"wp:term":[{"taxonomy":"category","embeddable":true,"href":"https:\/\/www.caririemacao.com\/1\/wp-json\/wp\/v2\/categories?post=84424"},{"taxonomy":"post_tag","embeddable":true,"href":"https:\/\/www.caririemacao.com\/1\/wp-json\/wp\/v2\/tags?post=84424"}],"curies":[{"name":"wp","href":"https:\/\/api.w.org\/{rel}","templated":true}]}}